{"id":613,"date":"2015-09-18T13:45:15","date_gmt":"2015-09-18T11:45:15","guid":{"rendered":"https:\/\/www.ideidermatologia.com\/noticias\/?p=613"},"modified":"2026-06-02T10:13:16","modified_gmt":"2026-06-02T08:13:16","slug":"acne-adulto-10-preguntas-frecuentes-sobre-como-tratarlo","status":"publish","type":"post","link":"https:\/\/www.ideidermatologia.com\/noticias\/acne-adulto-10-preguntas-frecuentes-sobre-como-tratarlo\/","title":{"rendered":"Acne adulto: 10 preguntas frecuentes sobre c\u00f3mo tratarlo"},"content":{"rendered":"<p>&nbsp;<\/p>\n<blockquote><p><strong><span style=\"color: #00969e;\">\u201cLos cambios hormonales que experimentan las mujeres durante la edad adulta, por ejemplo los que se producen durante el ciclo menstrual, el embarazo y la menopausia, influyen mucho en la aparici\u00f3n del acn\u00e9\u201d Dr. Miguel S\u00e1nchez Viera<\/span><\/strong><\/p><\/blockquote>\n<p>&nbsp;<\/p>\n<p>A partir de los 30 a\u00f1os\u00a0las mujeres sufren cambios. Se estima que un 20% de las mujeres entre 20 y 50 a\u00f1os sufren acn\u00e9, cuyo origen est\u00e1 en una inflamaci\u00f3n de la gl\u00e1ndula seb\u00e1cea, con un incremento de la producci\u00f3n de sebo estimulado por las hormonas. \u00bfEst\u00e1s en esta situaci\u00f3n y has visto aparecer granitos en tu cara? \u00bfSabes c\u00f3mo puedes tratarlos? \u00bfNecesitas eliminar las secuelas del acne en zonas de tu rostro?<\/p>\n<h2>Trataremos en este art\u00edculo las causas del Acne adulto y responderemos a 10 preguntas frecuentes sobre c\u00f3mo tratarlo<\/h2>\n<p>Los <strong>motivos del acne adulto<\/strong> son de investigaci\u00f3n reciente pero parecen estar muy relacionados con problemas de <strong>tipo hormonal, h\u00e1bitos de alimentaci\u00f3n y tabaquismo<\/strong>. Mientras que en la adolescencia el acn\u00e9 se suele extender desde la frente al resto de la cara, los brotes que se sufren en la edad adulta comienzan a ser visibles en la parte inferior del rostro &#8211; mand\u00edbula y ment\u00f3n-.<\/p>\n<p>La exposici\u00f3n a los rayos solares suele producir una mejora temporal de las lesiones acneicas, pero despu\u00e9s del verano tambi\u00e9n es frecuente sufrir un rebrote. A partir del oto\u00f1o, con la reducci\u00f3n de la radiaci\u00f3n solar, es un buen momento para acudir al dermat\u00f3logo y que \u00e9ste identifique las <a href=\"https:\/\/www.webconsultas.com\/acne\/causas-del-acne-249\">causas del acn\u00e9<\/a> y determine el mejor tratamiento para eliminar tanto las lesiones como las cicatrices. El Dr. Miguel S\u00e1nchez Viera, especialista en Dermatolog\u00eda M\u00e9dico-Quir\u00fargica, en las \u00e1reas de C\u00e1ncer de Piel y Est\u00e9tica Cut\u00e1nea, y fundador y director del <em><a class=\"seoquake-nofollow\" href=\"https:\/\/www.ideidermatologia.com\/\" target=\"_blank\" rel=\"nofollow noopener\">Instituto de Dermatolog\u00eda Integral de Madrid<\/a><\/em>, nos informa sobre\u00a0los avances que se han producido en el<a href=\"https:\/\/www.ideidermatologia.com\/noticias\/adios-a-las-marcas-de-acne-con-estos-tratamientos\/\"> <strong>tratamiento del acn\u00e9<\/strong><\/a> en los adultos.<\/p>\n<p>&nbsp;<\/p>\n<h3 class=\"question\"><span style=\"color: #00969e;\">#1. El 20% de las mujeres de entre 20 y 50 a\u00f1os sufre acn\u00e9 pero, \u00bfse trata de mujeres que hab\u00edan sufrido acn\u00e9 en su adolescencia y no consiguieron eliminarlo totalmente, o puede aparecer en personas adultas que nunca antes tuvieron este problema?<\/span><\/h3>\n<p>Afecta tanto a mujeres que sufrieron <a href=\"https:\/\/www.webconsultas.com\/acne\/acne-248\">acn\u00e9<\/a> en la adolescencia y no pudieron eliminarlo totalmente, como a mujeres que nunca tuvieron acn\u00e9 anteriormente. En ambos casos, cuando hay acn\u00e9 hay una inflamaci\u00f3n de la gl\u00e1ndula seb\u00e1cea que hace que se produzca m\u00e1s sebo del normal, habitualmente estimulado por cambios hormonales (los cambios hormonales est\u00e1n presentes durante toda la vida f\u00e9rtil ).<\/p>\n<p>&nbsp;<\/p>\n<blockquote><p><span style=\"color: #00969e;\"><strong>La utilizaci\u00f3n de maquillajes o cremas muy grasos, el tipo de alimentaci\u00f3n y el h\u00e1bito tab\u00e1quico, tambi\u00e9n pueden predisponer a tener acn\u00e9\u00bb<\/strong><\/span><\/p><\/blockquote>\n<p>&nbsp;<\/p>\n<h3><span style=\"color: #00969e;\">\u00a0#2. \u00bfcu\u00e1les son las causas de la aparici\u00f3n de acn\u00e9 en las mujeres adultas? \u00bfTodos los granos se consideran acn\u00e9?<\/span><\/h3>\n<p>Durante la edad adulta los cambios hormonales tambi\u00e9n tienen mucho que ver; en las mujeres este tipo de alteraciones se producen durante el <strong>ciclo menstrual<\/strong>, el <strong>embarazo<\/strong> y la<strong> <a href=\"https:\/\/www.ideidermatologia.com\/noticias\/por-que-se-cae-el-cabello-en-la-menopausia\/\">menopausia con ca\u00edda del pelo<\/a><\/strong>, por ejemplo. El\u00a0<strong>estr\u00e9s<\/strong> tambi\u00e9n puede influir en la aparici\u00f3n de acn\u00e9 (dependiendo de cada persona se sabe que el estr\u00e9s puede afectar de m\u00faltiples maneras, desde que aparezca acn\u00e9, hasta que se <strong>caiga el pelo<\/strong>, o se padezcan problemas digestivos, entre otros trastornos). Y, por supuesto, algunos h\u00e1bitos de la mujer como la <strong>utilizaci\u00f3n de maquillajes o cremas muy grasos<\/strong>, el tipo de alimentaci\u00f3n y el <strong>h\u00e1bito tab\u00e1quic<\/strong>o, tambi\u00e9n pueden predisponer a tener <strong>acn\u00e9.<\/strong><\/p>\n<p><a href=\"https:\/\/www.ideidermatologia.com\/noticias\/wp-content\/uploads\/2015\/09\/cameron_0.jpg\"><img fetchpriority=\"high\" decoding=\"async\" class=\"aligncenter size-full wp-image-633\" src=\"https:\/\/www.ideidermatologia.com\/noticias\/wp-content\/uploads\/2015\/09\/cameron_0.jpg\" alt=\"cameron_0\" width=\"720\" height=\"438\" srcset=\"https:\/\/www.ideidermatologia.com\/noticias\/wp-content\/uploads\/2015\/09\/cameron_0.jpg 720w, https:\/\/www.ideidermatologia.com\/noticias\/wp-content\/uploads\/2015\/09\/cameron_0-300x183.jpg 300w\" sizes=\"(max-width: 720px) 100vw, 720px\" \/><\/a><\/p>\n<h3 class=\"question\"><span style=\"color: #00969e;\">#3. \u00bfSe puede prevenir el acn\u00e9 de alguna forma?<\/span><\/h3>\n<p>Es <strong>muy dif\u00edcil prevenir el acn\u00e9<\/strong>, ya que ni los cambios hormonales ni la predisposici\u00f3n gen\u00e9tica se pueden controlar. Lo que s\u00ed se puede hacer es adoptar unos h\u00e1bitos de higiene muy estrictos para que la piel est\u00e9 lo m\u00e1s limpia posible y, por tanto, los poros menos obstruidos.<\/p>\n<p>Algunos consejos que damos los dermat\u00f3logos son estos:<\/p>\n<ul>\n<li>Limpiarse la cara a diario con productos indicados para pieles grasas o con tendencia acn\u00e9ica. Hay multitud en el mercado.<\/li>\n<li>Realizarse exfoliaciones en casa con productos <em>scrub <\/em>(con peque\u00f1as part\u00edculas de diferentes sustancias) una vez a la semana. Son productos poco agresivos y que eliminan las c\u00e9lulas muertas de la piel, a la vez que ayudan a la limpieza de los poros.<\/li>\n<li>No utilizar cosm\u00e9ticos (tanto cremas como maquillajes) muy grasos, ya que obstruyen los poros.<\/li>\n<li>Y, por supuesto, no tocarse las lesiones producidas por el acn\u00e9. Es un acto la gran mayor\u00eda de las veces inconsciente que se realiza con las manos sucias y que puede contribuir a la infecci\u00f3n y al empeoramiento de la enfermedad.<\/li>\n<\/ul>\n<p>&nbsp;<\/p>\n<h3><span style=\"color: #00969e;\">#4. \u00bfQu\u00e9 pruebas se hacen para determinar la causa u origen del acn\u00e9 antes de recomendar un tratamiento concreto?<\/span><\/h3>\n<p>Lo primero de todo es un examen f\u00edsico. El dermat\u00f3logo examina <strong>las lesiones o granos de acn\u00e9,<\/strong> y tambi\u00e9n otras zonas del cuerpo para saber si el paciente tiene una tendencia a producir m\u00e1s grasa de la habitual. Hay que recordar que el <strong>acn\u00e9 no solo aparece en la cara<\/strong>, sino que tambi\u00e9n se desarrolla en el cuello, la espalda y el pecho. Aunque en las <strong>mujeres adultas suele limitarse a la zona de la cara, sobre todo alrededor de la boca y la barbilla<\/strong>, y <strong>en el cuello<\/strong>. Despu\u00e9s de este examen f\u00edsico se manda una prueba anal\u00edtica para saber qu\u00e9 factores hormonales pueden estar influyendo en la aparici\u00f3n del acn\u00e9.<\/p>\n<p>&nbsp;<\/p>\n<blockquote><p><span style=\"color: #00969e;\"><strong>\u00abCon un examen f\u00edsico, una prueba anal\u00edtica para conocer los factores hormonales, y un estudio con im\u00e1genes macro y microsc\u00f3picas, el dermat\u00f3logo puede catalogar la causa del acn\u00e9 y pautar un tratamiento\u201d<\/strong><\/span><\/p><\/blockquote>\n<p>&nbsp;<\/p>\n<p><span style=\"line-height: 1.5;\">Con estas dos sencillas pruebas, adem\u00e1s de un estudio con im\u00e1genes macro y microsc\u00f3picas, el dermat\u00f3logo ya puede catalogar la <\/span><a style=\"line-height: 1.5;\" href=\"https:\/\/www.webconsultas.com\/acne\/causas-del-acne-249\">causa del acn\u00e9<\/a><span style=\"line-height: 1.5;\"> en la mayor\u00eda de los casos y pautar un tratamiento. En un peque\u00f1o grupo de pacientes pueden ser necesarios estudios m\u00e1s complejos, como cultivos, biopsias, o <\/span><strong style=\"line-height: 1.5;\">pruebas de sensibilidad o alergia<\/strong><span style=\"line-height: 1.5;\">.<\/span><\/p>\n<p>&nbsp;<\/p>\n<h3 class=\"question\"><span style=\"color: #00969e;\">#5. \u00bfCu\u00e1les\u00a0son los pasos que se siguen habitualmente cuando una mujer adulta con acn\u00e9 acude al <em>IDEI<\/em>?<\/span><\/h3>\n<p>Comenzamos con una historia cl\u00ednica en la que se investigan antecedentes familiares y h\u00e1bitos de vida y se realiza la exploraci\u00f3n f\u00edsica. Siempre realizamos un estudio de imagen, que incluye fotograf\u00edas y microfotograf\u00edas que pueden ser procesadas con distintos filtros y sistemas de an\u00e1lisis de imagen. Con estos primeros datos determinamos cu\u00e1les son los estudios anal\u00edticos necesarios.<\/p>\n<p>Una vez que se tienen los resultados de la anal\u00edtica y se tiene un diagn\u00f3stico, se pauta el tratamiento, que puede ser farmacol\u00f3gico \u00fanicamente, o bien con otras t\u00e9cnicas como puede ser el l\u00e1ser, la<a href=\"https:\/\/www.ideidermatologia.com\/estetica\/facial\/cicatrices-de-acne\/laser.html\" target=\"_blank\" rel=\"noopener\"><strong> terapia fotodin\u00e1mi<\/strong>ca<\/a>, o la <strong><a href=\"https:\/\/www.ideidermatologia.com\/estetica\/facial\/cicatrices-de-acne\/microdermoabrasion.html\" target=\"_blank\" rel=\"noopener\">microdermoabrasi\u00f3n<\/a><\/strong> y aplicaci\u00f3n de sustancias que ayudan a combatir las causas del acn\u00e9. Una vez iniciado el tratamiento, la paciente tendr\u00e1 que realizar consultas peri\u00f3dicas al dermat\u00f3logo para controlar la evoluci\u00f3n de su enfermedad.<\/p>\n<p>&nbsp;<\/p>\n<h3 class=\"question\"><span style=\"color: #00969e;\">#6. \u00bfEs posible eliminar para siempre el acn\u00e9 en todos lo casos?<\/span><\/h3>\n<p>&nbsp;<\/p>\n<blockquote><p><strong><span style=\"color: #00969e;\">\u201cCuando el acn\u00e9 es muy severo lo que hacemos es eliminar el brote principal, e ir tratando posibles brotes m\u00e1s leves cuando aparecen, que suelen estar relacionados con cambios hormonales o situaciones de estr\u00e9s puntuales\u201d<\/span><\/strong><\/p><\/blockquote>\n<p>&nbsp;<\/p>\n<p>En la gran mayor\u00eda de los pacientes conseguimos <strong>eliminar o controlar el acn\u00e9 en el momento que lo tratamos<\/strong>, y normalmente no suele volver a aparecer. Sin embargo, hay casos m\u00e1s complicados, cuando el <strong>acn\u00e9 es muy severo<\/strong>, en los que lo que hacemos es eliminar el brote principal, e ir tratando posibles brotes m\u00e1s leves cuando aparecen; brotes que suelen estar relacionados con cambios hormonales o situaciones de estr\u00e9s puntuales, pero que al estar los pacientes bajo control dermatol\u00f3gico suelen controlarse m\u00e1s f\u00e1cilmente. Un problema adicional son las secuelas, como manchas y cicatrices, que requieren un tratamiento diferente.<\/p>\n<h3 class=\"question\"><\/h3>\n<h3 class=\"question\"><span style=\"color: #00969e;\">#7. \u00bfCu\u00e1nto puede costar un tratamiento completo y durante cu\u00e1nto tiempo es necesario acudir a consulta?<\/span><\/h3>\n<p>Cada caso es completamente diferente. Existen casos en los que con medicaci\u00f3n se puede controlar f\u00e1cilmente, por lo que no existe ning\u00fan coste, salvo el de los f\u00e1rmacos, y casos en los que es necesario combinarlo con tratamientos como la terapia fotodin\u00e1mica, la microdermoabrasi\u00f3n, o incluso algunos tipos de l\u00e1seres. El tratamiento de cicatrices y secuelas ser\u00e1 tambi\u00e9n diferente. Dependiendo de lo que sea necesario, el coste ser\u00e1 uno u otro. En cuanto al tiempo, tampoco se puede establecer el mismo para todos, ya que depender\u00e1 siempre de la evoluci\u00f3n de la enfermedad.<\/p>\n<p>&nbsp;<\/p>\n<h3 class=\"question\"><span style=\"color: #00969e;\">#8. \u00bfQu\u00e9 cuidados debe seguir posteriormente la paciente en su casa?<\/span><\/h3>\n<p>Los cuidados que hay que seguir en casa son b\u00e1sicamente los mismos que he descrito para intentar prevenir su aparici\u00f3n. A esto habr\u00eda que sumar tomar la medicaci\u00f3n, si se ha prescrito, y los cuidados necesarios que el dermat\u00f3logo le indicar\u00eda siempre al paciente despu\u00e9s de cada tratamiento, con el empleo de tecnolog\u00eda m\u00e9dica en caso de ser necesaria.<\/p>\n<p>&nbsp;<\/p>\n<p>&nbsp;<\/p>\n<p><a href=\"https:\/\/www.ideidermatologia.com\/noticias\/wp-content\/uploads\/2015\/09\/acne-adulto-en-mujeres.jpg\"><img decoding=\"async\" class=\"wp-image-638 alignright\" src=\"https:\/\/www.ideidermatologia.com\/noticias\/wp-content\/uploads\/2015\/09\/acne-adulto-en-mujeres.jpg\" alt=\"\" width=\"658\" height=\"658\" srcset=\"https:\/\/www.ideidermatologia.com\/noticias\/wp-content\/uploads\/2015\/09\/acne-adulto-en-mujeres.jpg 800w, https:\/\/www.ideidermatologia.com\/noticias\/wp-content\/uploads\/2015\/09\/acne-adulto-en-mujeres-150x150.jpg 150w, https:\/\/www.ideidermatologia.com\/noticias\/wp-content\/uploads\/2015\/09\/acne-adulto-en-mujeres-300x300.jpg 300w, https:\/\/www.ideidermatologia.com\/noticias\/wp-content\/uploads\/2015\/09\/acne-adulto-en-mujeres-180x180.jpg 180w, https:\/\/www.ideidermatologia.com\/noticias\/wp-content\/uploads\/2015\/09\/acne-adulto-en-mujeres-600x600.jpg 600w, https:\/\/www.ideidermatologia.com\/noticias\/wp-content\/uploads\/2015\/09\/acne-adulto-en-mujeres-125x125.jpg 125w\" sizes=\"(max-width: 658px) 100vw, 658px\" \/><\/a><\/p>\n<h3 class=\"question\"><span style=\"color: #00969e;\">#9. El <strong>acn\u00e9 puede dejar cicatrices en la piel<\/strong>, que son muy antiest\u00e9ticas y afectan a la autoestima. \u00bfEs posible eliminar tambi\u00e9n las\u00a0cicatrices que produce el acn\u00e9?<\/span><\/h3>\n<p>Por supuesto. Primero hay que tratar el acn\u00e9 y, una vez eliminado, empezar el tratamiento para hacer desaparecer las cicatrices si se han producido. Hay que tener en cuenta que las cicatrices dejadas por el acn\u00e9 no son todas iguales. Pueden ser atr\u00f3ficas, las t\u00edpicas en forma de picotazo o con hundimiento de la superficie de la piel, y las hipertr\u00f3ficas o queloides, que son sobreelevadas e irregulares. Dependiendo del tipo de cicatriz, se utilizar\u00e1 una t\u00e9cnica u otra para eliminarlas.<\/p>\n<h3><span style=\"color: #00969e;\">#10. \u00bfCu\u00e1les son los principales avances que destacar\u00eda en el tratamiento del acn\u00e9 en adultos?<\/span><\/h3>\n<p>Afortunadamente, la tecnolog\u00eda m\u00e9dicoest\u00e9tica avanza a pasos agigantados y las nuevas t\u00e9cnicas nos permiten a los dermat\u00f3logos conseguir mejores resultados, lo que redunda en una mejora de la calidad de vida de los pacientes.<\/p>\n<p>En la actualidad para las<strong> cicatrices atr\u00f3ficas por acn\u00e9<\/strong> utilizamos <strong>l\u00e1seres fraccionales ablativos<\/strong>, como el de<strong> CO2<\/strong> y el de <strong>erbio<\/strong>, y <strong>l\u00e1seres fraccionales no ablativos<\/strong>, que producen microzonas de calentamiento en las capas m\u00e1s profundas de la piel, generando col\u00e1geno y provocando una r\u00e1pida regeneraci\u00f3n de la piel (entre 3-5 d\u00edas), quedando \u00e9sta m\u00e1s lisa, renovada, y corrigiendo progresivamente las cicatrices (la mejor\u00eda se va notando con las sesiones, que var\u00edan en n\u00famero dependiendo de la severidad de las cicatrices).<\/p>\n<p>&nbsp;<\/p>\n<p>&nbsp;<\/p>\n<blockquote><p><span style=\"color: #00969e;\"><strong>\u201cPara las cicatrices atr\u00f3ficas utilizamos l\u00e1seres que producen microzonas de calentamiento en las capas m\u00e1s profundas de la piel, generando col\u00e1geno y provocando una r\u00e1pida regeneraci\u00f3n de la piel (entre 3-5 d\u00edas)\u201d<\/strong><\/span><\/p><\/blockquote>\n<p>&nbsp;<\/p>\n<p>Para las <strong>cicatrices hipertr\u00f3ficas por acn\u00e9 y queloides<\/strong> usamos l\u00e1seres como el <strong>Colorante Pulsado<\/strong>, el <strong>Neodimio-Yag y el L\u00e1ser KTP<\/strong>, que act\u00faan disminuyendo la inflamaci\u00f3n y el col\u00e1geno an\u00f3malo e irregular de estas cicatrices, y lo sustituyen por col\u00e1geno normal.<\/p>\n<p>En casos severos los dermat\u00f3logos podemos emplear conjuntamente microinyecciones con f\u00e1rmacos en la zona afectada para conseguir una remodelaci\u00f3n m\u00e1s r\u00e1pida de la zona lesionada.<\/p>\n<p>&nbsp;<\/p>\n<p><a href=\"https:\/\/www.ideidermatologia.com\/noticias\/wp-content\/uploads\/2015\/03\/logo-DVB-262x73.png\"><img decoding=\"async\" class=\" wp-image-40 alignleft\" src=\"https:\/\/www.ideidermatologia.com\/noticias\/wp-content\/uploads\/2015\/03\/logo-DVB-262x73.png\" alt=\"logo DVB 262x73\" width=\"309\" height=\"86\" \/><\/a><\/p>\n<blockquote><p>Si estas sufriendo un <strong>brote acn\u00e9ico<\/strong> recuerda usar productos de limpieza e hidrataci\u00f3n diaria as\u00ed como en el maquillaje siempre oil-free; mantener una\u00a0<strong>dieta alimenticia\u00a0personalizada en cada caso por un m\u00e9dico<\/strong>;\u00a0<strong>usar durante todo el a\u00f1o<\/strong>\u00a0factor de\u00a0<strong>protecci\u00f3n solar;\u00a0<\/strong><strong>mantener a raya el estr\u00e9s\u00a0<\/strong>y ponerte en manos de un<strong> dermat\u00f3logo que analice las causas del\u00a0acn\u00e9<\/strong> y te aconseje las pautas y tratamiento m\u00e1s adecuados.<\/p><\/blockquote>\n<p>&nbsp;<\/p>\n<p>&nbsp;<\/p>\n<p>Fuente: <a href=\"https:\/\/www.webconsultas.com\/belleza-y-bienestar\/tratamientos-esteticos\/entrevista-dr-miguel-sanchez-viera-dermatologo-experto-en-tratamiento-del-acne\">webconsultas.com<\/a><\/p>\n","protected":false},"excerpt":{"rendered":"<p>&nbsp; \u201cLos cambios hormonales que experimentan las mujeres durante la edad adulta, por ejemplo los que se producen durante el ciclo menstrual, el embarazo y la menopausia, influyen mucho en la aparici\u00f3n del acn\u00e9\u201d Dr. Miguel S\u00e1nchez Viera &nbsp; A partir de los 30 a\u00f1os\u00a0las mujeres sufren cambios. Se estima que un 20% de las [&hellip;]<\/p>\n","protected":false},"author":1,"featured_media":633,"comment_status":"open","ping_status":"open","sticky":false,"template":"","format":"standard","meta":{"footnotes":""},"categories":[42,5,43],"tags":[91,95,107,108,106],"class_list":["post-613","post","type-post","status-publish","format-standard","has-post-thumbnail","hentry","category-acne-tratamientos","category-cuidado-de-la-piel","category-news-facial","tag-acne","tag-acne-adulto","tag-dermatologo-especialista-en-acne","tag-dermatologo-especialista-en-acne-adulto","tag-tratamiento-para-acne"],"yoast_head":"<!-- This site is optimized with the Yoast SEO plugin v28.3 - https:\/\/yoast.com\/product\/yoast-seo-wordpress\/ -->\n<title>Acne adulto: 10 preguntas frecuentes sobre c\u00f3mo tratarlo<\/title>\n<meta name=\"description\" content=\"Acne adulto: 10 preguntas frecuentes sobre c\u00f3mo tratarlo respondidas por el Dr. Miguel S\u00e1nchez Viera, director del Inst. de Dermatologia Integral de Madrid\" \/>\n<meta name=\"robots\" content=\"index, follow, max-snippet:-1, max-image-preview:large, max-video-preview:-1\" \/>\n<link rel=\"canonical\" href=\"https:\/\/www.ideidermatologia.com\/noticias\/acne-adulto-10-preguntas-frecuentes-sobre-como-tratarlo\/\" \/>\n<meta property=\"og:locale\" content=\"es_ES\" \/>\n<meta property=\"og:type\" content=\"article\" \/>\n<meta property=\"og:title\" content=\"Acne adulto: 10 preguntas frecuentes sobre c\u00f3mo tratarlo\" \/>\n<meta property=\"og:description\" content=\"Acne adulto: 10 preguntas frecuentes sobre c\u00f3mo tratarlo respondidas por el Dr. Miguel S\u00e1nchez Viera, director del Inst. de Dermatologia Integral de Madrid\" \/>\n<meta property=\"og:url\" content=\"https:\/\/www.ideidermatologia.com\/noticias\/acne-adulto-10-preguntas-frecuentes-sobre-como-tratarlo\/\" \/>\n<meta property=\"og:site_name\" content=\"Dermatology Visual Blog\" \/>\n<meta property=\"article:publisher\" content=\"https:\/\/www.facebook.com\/pages\/IDEI-Cuidado-Facial\/1559067711026199?ref=hl\" \/>\n<meta property=\"article:published_time\" content=\"2015-09-18T11:45:15+00:00\" \/>\n<meta property=\"article:modified_time\" content=\"2026-06-02T08:13:16+00:00\" \/>\n<meta property=\"og:image\" content=\"https:\/\/www.ideidermatologia.com\/noticias\/wp-content\/uploads\/2015\/09\/cameron_0.jpg\" \/>\n\t<meta property=\"og:image:width\" content=\"720\" \/>\n\t<meta property=\"og:image:height\" content=\"438\" \/>\n\t<meta property=\"og:image:type\" content=\"image\/jpeg\" \/>\n<meta name=\"author\" content=\"Cl\u00ednica IDEI\" \/>\n<meta name=\"twitter:card\" content=\"summary_large_image\" \/>\n<meta name=\"twitter:creator\" content=\"@Admin\" \/>\n<meta name=\"twitter:site\" content=\"@IDEI_Facial\" \/>\n<meta name=\"twitter:label1\" content=\"Escrito por\" \/>\n\t<meta name=\"twitter:data1\" content=\"Cl\u00ednica IDEI\" \/>\n\t<meta name=\"twitter:label2\" content=\"Tiempo de lectura\" \/>\n\t<meta name=\"twitter:data2\" content=\"9 minutos\" \/>\n<script type=\"application\/ld+json\" class=\"yoast-schema-graph\">{\"@context\":\"https:\\\/\\\/schema.org\",\"@graph\":[{\"@type\":\"Article\",\"@id\":\"https:\\\/\\\/www.ideidermatologia.com\\\/noticias\\\/acne-adulto-10-preguntas-frecuentes-sobre-como-tratarlo\\\/#article\",\"isPartOf\":{\"@id\":\"https:\\\/\\\/www.ideidermatologia.com\\\/noticias\\\/acne-adulto-10-preguntas-frecuentes-sobre-como-tratarlo\\\/\"},\"author\":{\"name\":\"Cl\u00ednica IDEI\",\"@id\":\"https:\\\/\\\/www.ideidermatologia.com\\\/noticias\\\/#\\\/schema\\\/person\\\/43281bfaa301b08acbb37be995923296\"},\"headline\":\"Acne adulto: 10 preguntas frecuentes sobre c\u00f3mo tratarlo\",\"datePublished\":\"2015-09-18T11:45:15+00:00\",\"dateModified\":\"2026-06-02T08:13:16+00:00\",\"mainEntityOfPage\":{\"@id\":\"https:\\\/\\\/www.ideidermatologia.com\\\/noticias\\\/acne-adulto-10-preguntas-frecuentes-sobre-como-tratarlo\\\/\"},\"wordCount\":2049,\"commentCount\":2,\"publisher\":{\"@id\":\"https:\\\/\\\/www.ideidermatologia.com\\\/noticias\\\/#organization\"},\"image\":{\"@id\":\"https:\\\/\\\/www.ideidermatologia.com\\\/noticias\\\/acne-adulto-10-preguntas-frecuentes-sobre-como-tratarlo\\\/#primaryimage\"},\"thumbnailUrl\":\"https:\\\/\\\/www.ideidermatologia.com\\\/noticias\\\/wp-content\\\/uploads\\\/2015\\\/09\\\/cameron_0.jpg\",\"keywords\":[\"acn\u00e9\",\"acn\u00e9 adulto\",\"dermatologo especialista en acne\",\"dermatologo especialista en acne adulto\",\"tratamiento para acne\"],\"articleSection\":[\"Acn\u00e9\",\"Cuidado de la Piel\",\"Facial\"],\"inLanguage\":\"es\"},{\"@type\":\"WebPage\",\"@id\":\"https:\\\/\\\/www.ideidermatologia.com\\\/noticias\\\/acne-adulto-10-preguntas-frecuentes-sobre-como-tratarlo\\\/\",\"url\":\"https:\\\/\\\/www.ideidermatologia.com\\\/noticias\\\/acne-adulto-10-preguntas-frecuentes-sobre-como-tratarlo\\\/\",\"name\":\"Acne adulto: 10 preguntas frecuentes sobre c\u00f3mo tratarlo\",\"isPartOf\":{\"@id\":\"https:\\\/\\\/www.ideidermatologia.com\\\/noticias\\\/#website\"},\"primaryImageOfPage\":{\"@id\":\"https:\\\/\\\/www.ideidermatologia.com\\\/noticias\\\/acne-adulto-10-preguntas-frecuentes-sobre-como-tratarlo\\\/#primaryimage\"},\"image\":{\"@id\":\"https:\\\/\\\/www.ideidermatologia.com\\\/noticias\\\/acne-adulto-10-preguntas-frecuentes-sobre-como-tratarlo\\\/#primaryimage\"},\"thumbnailUrl\":\"https:\\\/\\\/www.ideidermatologia.com\\\/noticias\\\/wp-content\\\/uploads\\\/2015\\\/09\\\/cameron_0.jpg\",\"datePublished\":\"2015-09-18T11:45:15+00:00\",\"dateModified\":\"2026-06-02T08:13:16+00:00\",\"description\":\"Acne adulto: 10 preguntas frecuentes sobre c\u00f3mo tratarlo respondidas por el Dr. Miguel S\u00e1nchez Viera, director del Inst. de Dermatologia Integral de Madrid\",\"breadcrumb\":{\"@id\":\"https:\\\/\\\/www.ideidermatologia.com\\\/noticias\\\/acne-adulto-10-preguntas-frecuentes-sobre-como-tratarlo\\\/#breadcrumb\"},\"inLanguage\":\"es\",\"potentialAction\":[{\"@type\":\"ReadAction\",\"target\":[\"https:\\\/\\\/www.ideidermatologia.com\\\/noticias\\\/acne-adulto-10-preguntas-frecuentes-sobre-como-tratarlo\\\/\"]}]},{\"@type\":\"ImageObject\",\"inLanguage\":\"es\",\"@id\":\"https:\\\/\\\/www.ideidermatologia.com\\\/noticias\\\/acne-adulto-10-preguntas-frecuentes-sobre-como-tratarlo\\\/#primaryimage\",\"url\":\"https:\\\/\\\/www.ideidermatologia.com\\\/noticias\\\/wp-content\\\/uploads\\\/2015\\\/09\\\/cameron_0.jpg\",\"contentUrl\":\"https:\\\/\\\/www.ideidermatologia.com\\\/noticias\\\/wp-content\\\/uploads\\\/2015\\\/09\\\/cameron_0.jpg\",\"width\":720,\"height\":438},{\"@type\":\"BreadcrumbList\",\"@id\":\"https:\\\/\\\/www.ideidermatologia.com\\\/noticias\\\/acne-adulto-10-preguntas-frecuentes-sobre-como-tratarlo\\\/#breadcrumb\",\"itemListElement\":[{\"@type\":\"ListItem\",\"position\":1,\"name\":\"Portada\",\"item\":\"https:\\\/\\\/www.ideidermatologia.com\\\/noticias\\\/\"},{\"@type\":\"ListItem\",\"position\":2,\"name\":\"Acne adulto: 10 preguntas frecuentes sobre c\u00f3mo tratarlo\"}]},{\"@type\":\"WebSite\",\"@id\":\"https:\\\/\\\/www.ideidermatologia.com\\\/noticias\\\/#website\",\"url\":\"https:\\\/\\\/www.ideidermatologia.com\\\/noticias\\\/\",\"name\":\"Dermatology Visual Blog\",\"description\":\"Dedicados a cuidar tu piel\",\"publisher\":{\"@id\":\"https:\\\/\\\/www.ideidermatologia.com\\\/noticias\\\/#organization\"},\"potentialAction\":[{\"@type\":\"SearchAction\",\"target\":{\"@type\":\"EntryPoint\",\"urlTemplate\":\"https:\\\/\\\/www.ideidermatologia.com\\\/noticias\\\/?s={search_term_string}\"},\"query-input\":{\"@type\":\"PropertyValueSpecification\",\"valueRequired\":true,\"valueName\":\"search_term_string\"}}],\"inLanguage\":\"es\"},{\"@type\":\"Organization\",\"@id\":\"https:\\\/\\\/www.ideidermatologia.com\\\/noticias\\\/#organization\",\"name\":\"IDEI\",\"url\":\"https:\\\/\\\/www.ideidermatologia.com\\\/noticias\\\/\",\"logo\":{\"@type\":\"ImageObject\",\"inLanguage\":\"es\",\"@id\":\"https:\\\/\\\/www.ideidermatologia.com\\\/noticias\\\/#\\\/schema\\\/logo\\\/image\\\/\",\"url\":\"https:\\\/\\\/www.ideidermatologia.com\\\/noticias\\\/wp-content\\\/uploads\\\/2024\\\/07\\\/logo-DVB-262x73-transformed.png\",\"contentUrl\":\"https:\\\/\\\/www.ideidermatologia.com\\\/noticias\\\/wp-content\\\/uploads\\\/2024\\\/07\\\/logo-DVB-262x73-transformed.png\",\"width\":1048,\"height\":292,\"caption\":\"IDEI\"},\"image\":{\"@id\":\"https:\\\/\\\/www.ideidermatologia.com\\\/noticias\\\/#\\\/schema\\\/logo\\\/image\\\/\"},\"sameAs\":[\"https:\\\/\\\/www.facebook.com\\\/pages\\\/IDEI-Cuidado-Facial\\\/1559067711026199?ref=hl\",\"https:\\\/\\\/x.com\\\/IDEI_Facial\"]},{\"@type\":\"Person\",\"@id\":\"https:\\\/\\\/www.ideidermatologia.com\\\/noticias\\\/#\\\/schema\\\/person\\\/43281bfaa301b08acbb37be995923296\",\"name\":\"Cl\u00ednica IDEI\",\"sameAs\":[\"http:\\\/\\\/ideidermatologia.com\",\"https:\\\/\\\/www.instagram.com\\\/idei_dermatologia\\\/\",\"https:\\\/\\\/x.com\\\/Admin\"]}]}<\/script>\n<!-- \/ Yoast SEO plugin. -->","yoast_head_json":{"title":"Acne adulto: 10 preguntas frecuentes sobre c\u00f3mo tratarlo","description":"Acne adulto: 10 preguntas frecuentes sobre c\u00f3mo tratarlo respondidas por el Dr. Miguel S\u00e1nchez Viera, director del Inst. de Dermatologia Integral de Madrid","robots":{"index":"index","follow":"follow","max-snippet":"max-snippet:-1","max-image-preview":"max-image-preview:large","max-video-preview":"max-video-preview:-1"},"canonical":"https:\/\/www.ideidermatologia.com\/noticias\/acne-adulto-10-preguntas-frecuentes-sobre-como-tratarlo\/","og_locale":"es_ES","og_type":"article","og_title":"Acne adulto: 10 preguntas frecuentes sobre c\u00f3mo tratarlo","og_description":"Acne adulto: 10 preguntas frecuentes sobre c\u00f3mo tratarlo respondidas por el Dr. Miguel S\u00e1nchez Viera, director del Inst. de Dermatologia Integral de Madrid","og_url":"https:\/\/www.ideidermatologia.com\/noticias\/acne-adulto-10-preguntas-frecuentes-sobre-como-tratarlo\/","og_site_name":"Dermatology Visual Blog","article_publisher":"https:\/\/www.facebook.com\/pages\/IDEI-Cuidado-Facial\/1559067711026199?ref=hl","article_published_time":"2015-09-18T11:45:15+00:00","article_modified_time":"2026-06-02T08:13:16+00:00","og_image":[{"width":720,"height":438,"url":"https:\/\/www.ideidermatologia.com\/noticias\/wp-content\/uploads\/2015\/09\/cameron_0.jpg","type":"image\/jpeg"}],"author":"Cl\u00ednica IDEI","twitter_card":"summary_large_image","twitter_creator":"@Admin","twitter_site":"@IDEI_Facial","twitter_misc":{"Escrito por":"Cl\u00ednica IDEI","Tiempo de lectura":"9 minutos"},"schema":{"@context":"https:\/\/schema.org","@graph":[{"@type":"Article","@id":"https:\/\/www.ideidermatologia.com\/noticias\/acne-adulto-10-preguntas-frecuentes-sobre-como-tratarlo\/#article","isPartOf":{"@id":"https:\/\/www.ideidermatologia.com\/noticias\/acne-adulto-10-preguntas-frecuentes-sobre-como-tratarlo\/"},"author":{"name":"Cl\u00ednica IDEI","@id":"https:\/\/www.ideidermatologia.com\/noticias\/#\/schema\/person\/43281bfaa301b08acbb37be995923296"},"headline":"Acne adulto: 10 preguntas frecuentes sobre c\u00f3mo tratarlo","datePublished":"2015-09-18T11:45:15+00:00","dateModified":"2026-06-02T08:13:16+00:00","mainEntityOfPage":{"@id":"https:\/\/www.ideidermatologia.com\/noticias\/acne-adulto-10-preguntas-frecuentes-sobre-como-tratarlo\/"},"wordCount":2049,"commentCount":2,"publisher":{"@id":"https:\/\/www.ideidermatologia.com\/noticias\/#organization"},"image":{"@id":"https:\/\/www.ideidermatologia.com\/noticias\/acne-adulto-10-preguntas-frecuentes-sobre-como-tratarlo\/#primaryimage"},"thumbnailUrl":"https:\/\/www.ideidermatologia.com\/noticias\/wp-content\/uploads\/2015\/09\/cameron_0.jpg","keywords":["acn\u00e9","acn\u00e9 adulto","dermatologo especialista en acne","dermatologo especialista en acne adulto","tratamiento para acne"],"articleSection":["Acn\u00e9","Cuidado de la Piel","Facial"],"inLanguage":"es"},{"@type":"WebPage","@id":"https:\/\/www.ideidermatologia.com\/noticias\/acne-adulto-10-preguntas-frecuentes-sobre-como-tratarlo\/","url":"https:\/\/www.ideidermatologia.com\/noticias\/acne-adulto-10-preguntas-frecuentes-sobre-como-tratarlo\/","name":"Acne adulto: 10 preguntas frecuentes sobre c\u00f3mo tratarlo","isPartOf":{"@id":"https:\/\/www.ideidermatologia.com\/noticias\/#website"},"primaryImageOfPage":{"@id":"https:\/\/www.ideidermatologia.com\/noticias\/acne-adulto-10-preguntas-frecuentes-sobre-como-tratarlo\/#primaryimage"},"image":{"@id":"https:\/\/www.ideidermatologia.com\/noticias\/acne-adulto-10-preguntas-frecuentes-sobre-como-tratarlo\/#primaryimage"},"thumbnailUrl":"https:\/\/www.ideidermatologia.com\/noticias\/wp-content\/uploads\/2015\/09\/cameron_0.jpg","datePublished":"2015-09-18T11:45:15+00:00","dateModified":"2026-06-02T08:13:16+00:00","description":"Acne adulto: 10 preguntas frecuentes sobre c\u00f3mo tratarlo respondidas por el Dr. Miguel S\u00e1nchez Viera, director del Inst. de Dermatologia Integral de Madrid","breadcrumb":{"@id":"https:\/\/www.ideidermatologia.com\/noticias\/acne-adulto-10-preguntas-frecuentes-sobre-como-tratarlo\/#breadcrumb"},"inLanguage":"es","potentialAction":[{"@type":"ReadAction","target":["https:\/\/www.ideidermatologia.com\/noticias\/acne-adulto-10-preguntas-frecuentes-sobre-como-tratarlo\/"]}]},{"@type":"ImageObject","inLanguage":"es","@id":"https:\/\/www.ideidermatologia.com\/noticias\/acne-adulto-10-preguntas-frecuentes-sobre-como-tratarlo\/#primaryimage","url":"https:\/\/www.ideidermatologia.com\/noticias\/wp-content\/uploads\/2015\/09\/cameron_0.jpg","contentUrl":"https:\/\/www.ideidermatologia.com\/noticias\/wp-content\/uploads\/2015\/09\/cameron_0.jpg","width":720,"height":438},{"@type":"BreadcrumbList","@id":"https:\/\/www.ideidermatologia.com\/noticias\/acne-adulto-10-preguntas-frecuentes-sobre-como-tratarlo\/#breadcrumb","itemListElement":[{"@type":"ListItem","position":1,"name":"Portada","item":"https:\/\/www.ideidermatologia.com\/noticias\/"},{"@type":"ListItem","position":2,"name":"Acne adulto: 10 preguntas frecuentes sobre c\u00f3mo tratarlo"}]},{"@type":"WebSite","@id":"https:\/\/www.ideidermatologia.com\/noticias\/#website","url":"https:\/\/www.ideidermatologia.com\/noticias\/","name":"Dermatology Visual Blog","description":"Dedicados a cuidar tu piel","publisher":{"@id":"https:\/\/www.ideidermatologia.com\/noticias\/#organization"},"potentialAction":[{"@type":"SearchAction","target":{"@type":"EntryPoint","urlTemplate":"https:\/\/www.ideidermatologia.com\/noticias\/?s={search_term_string}"},"query-input":{"@type":"PropertyValueSpecification","valueRequired":true,"valueName":"search_term_string"}}],"inLanguage":"es"},{"@type":"Organization","@id":"https:\/\/www.ideidermatologia.com\/noticias\/#organization","name":"IDEI","url":"https:\/\/www.ideidermatologia.com\/noticias\/","logo":{"@type":"ImageObject","inLanguage":"es","@id":"https:\/\/www.ideidermatologia.com\/noticias\/#\/schema\/logo\/image\/","url":"https:\/\/www.ideidermatologia.com\/noticias\/wp-content\/uploads\/2024\/07\/logo-DVB-262x73-transformed.png","contentUrl":"https:\/\/www.ideidermatologia.com\/noticias\/wp-content\/uploads\/2024\/07\/logo-DVB-262x73-transformed.png","width":1048,"height":292,"caption":"IDEI"},"image":{"@id":"https:\/\/www.ideidermatologia.com\/noticias\/#\/schema\/logo\/image\/"},"sameAs":["https:\/\/www.facebook.com\/pages\/IDEI-Cuidado-Facial\/1559067711026199?ref=hl","https:\/\/x.com\/IDEI_Facial"]},{"@type":"Person","@id":"https:\/\/www.ideidermatologia.com\/noticias\/#\/schema\/person\/43281bfaa301b08acbb37be995923296","name":"Cl\u00ednica IDEI","sameAs":["http:\/\/ideidermatologia.com","https:\/\/www.instagram.com\/idei_dermatologia\/","https:\/\/x.com\/Admin"]}]}},"_links":{"self":[{"href":"https:\/\/www.ideidermatologia.com\/noticias\/wp-json\/wp\/v2\/posts\/613","targetHints":{"allow":["GET"]}}],"collection":[{"href":"https:\/\/www.ideidermatologia.com\/noticias\/wp-json\/wp\/v2\/posts"}],"about":[{"href":"https:\/\/www.ideidermatologia.com\/noticias\/wp-json\/wp\/v2\/types\/post"}],"author":[{"embeddable":true,"href":"https:\/\/www.ideidermatologia.com\/noticias\/wp-json\/wp\/v2\/users\/1"}],"replies":[{"embeddable":true,"href":"https:\/\/www.ideidermatologia.com\/noticias\/wp-json\/wp\/v2\/comments?post=613"}],"version-history":[{"count":1,"href":"https:\/\/www.ideidermatologia.com\/noticias\/wp-json\/wp\/v2\/posts\/613\/revisions"}],"predecessor-version":[{"id":12373,"href":"https:\/\/www.ideidermatologia.com\/noticias\/wp-json\/wp\/v2\/posts\/613\/revisions\/12373"}],"wp:featuredmedia":[{"embeddable":true,"href":"https:\/\/www.ideidermatologia.com\/noticias\/wp-json\/wp\/v2\/media\/633"}],"wp:attachment":[{"href":"https:\/\/www.ideidermatologia.com\/noticias\/wp-json\/wp\/v2\/media?parent=613"}],"wp:term":[{"taxonomy":"category","embeddable":true,"href":"https:\/\/www.ideidermatologia.com\/noticias\/wp-json\/wp\/v2\/categories?post=613"},{"taxonomy":"post_tag","embeddable":true,"href":"https:\/\/www.ideidermatologia.com\/noticias\/wp-json\/wp\/v2\/tags?post=613"}],"curies":[{"name":"wp","href":"https:\/\/api.w.org\/{rel}","templated":true}]}}