{"id":471,"date":"2015-07-04T10:00:37","date_gmt":"2015-07-04T08:00:37","guid":{"rendered":"https:\/\/www.ideidermatologia.com\/noticias\/?p=471"},"modified":"2024-08-01T13:09:50","modified_gmt":"2024-08-01T11:09:50","slug":"cuanto-envejece-la-piel-tras-una-quemadura-solar","status":"publish","type":"post","link":"https:\/\/www.ideidermatologia.com\/noticias\/cuanto-envejece-la-piel-tras-una-quemadura-solar\/","title":{"rendered":"\u00bfCu\u00e1nto envejece la piel tras una quemadura solar?"},"content":{"rendered":"<h2><span style=\"color: #00969e;\">\u00bfCu\u00e1nto\u00a0envejece la piel tras una quemadura solar?<\/span><\/h2>\n<p>No sabemos con exactitud lo que envejece la piel con cada quemadura provocada por la exposici\u00f3n solar excesiva. Pero lo que est\u00e1s demostrado es que la piel de las personas que han abusado del sol (tanto si alguna vez han llegado a quemarse como si nunca les ha ocurrido \u00e9sto) envejecen m\u00e1s prematuramente.<\/p>\n<p><a href=\"https:\/\/www.ideidermatologia.com\/noticias\/wp-content\/uploads\/2015\/08\/quemaduras-solares-repetidas-envejecen-prematuramente-la-piel.png\"><img fetchpriority=\"high\" decoding=\"async\" class=\"aligncenter size-full wp-image-472\" src=\"https:\/\/www.ideidermatologia.com\/noticias\/wp-content\/uploads\/2015\/08\/quemaduras-solares-repetidas-envejecen-prematuramente-la-piel.png\" alt=\"quemaduras-solares-repetidas-envejecen-prematuramente-la-piel\" width=\"800\" height=\"800\" srcset=\"https:\/\/www.ideidermatologia.com\/noticias\/wp-content\/uploads\/2015\/08\/quemaduras-solares-repetidas-envejecen-prematuramente-la-piel.png 800w, https:\/\/www.ideidermatologia.com\/noticias\/wp-content\/uploads\/2015\/08\/quemaduras-solares-repetidas-envejecen-prematuramente-la-piel-150x150.png 150w, https:\/\/www.ideidermatologia.com\/noticias\/wp-content\/uploads\/2015\/08\/quemaduras-solares-repetidas-envejecen-prematuramente-la-piel-300x300.png 300w, https:\/\/www.ideidermatologia.com\/noticias\/wp-content\/uploads\/2015\/08\/quemaduras-solares-repetidas-envejecen-prematuramente-la-piel-180x180.png 180w, https:\/\/www.ideidermatologia.com\/noticias\/wp-content\/uploads\/2015\/08\/quemaduras-solares-repetidas-envejecen-prematuramente-la-piel-600x600.png 600w, https:\/\/www.ideidermatologia.com\/noticias\/wp-content\/uploads\/2015\/08\/quemaduras-solares-repetidas-envejecen-prematuramente-la-piel-125x125.png 125w\" sizes=\"(max-width: 800px) 100vw, 800px\" \/><\/a><\/p>\n<p>&nbsp;<\/p>\n<h2><span style=\"color: #00969e;\">\u00bfQu\u00e9 efectos causan las quemaduras solares sobre la piel?<\/span><\/h2>\n<p>Los principales signos son la <strong>aparici\u00f3n de manchas solares<\/strong>, aparici\u00f3n de <strong>arrugas<\/strong> y, en ciertos casos, debido a la fuerte deshidrataci\u00f3n que produce la exposici\u00f3n solar, signos prematuros de flacidez y falta de luminosidad en la piel.<\/p>\n<p>Ahora y tras numerosos estudios se conoce que las <strong>quemaduras solares repetidas a lo largo de los a\u00f1os son una de las principales causas de aparici\u00f3n del c\u00e1ncer cut\u00e1neo<\/strong>. Adem\u00e1s, expertos dermat\u00f3logos advierten de que las personas con m\u00e1s de 30 lunares tienen mayor predisposici\u00f3n a padecer c\u00e1ncer.<\/p>\n<p>El sol aporta innumerables beneficios para nuestros organismo pero el abuso en la exposici\u00f3n solar y la falta de protecci\u00f3n frente a los rayos solares acrecienta el riesgo de sufrir problemas de alerg\u00edas, dermatitis o incluso c\u00e1ncer.<\/p>\n<p>&nbsp;<\/p>\n<p><a href=\"https:\/\/www.ideidermatologia.com\/noticias\/wp-content\/uploads\/2015\/03\/logo-DVB-262x73.png\"><img decoding=\"async\" class=\" size-full wp-image-40 alignnone\" src=\"https:\/\/www.ideidermatologia.com\/noticias\/wp-content\/uploads\/2015\/03\/logo-DVB-262x73.png\" alt=\"logo DVB 262x73\" width=\"262\" height=\"73\" \/><\/a><\/p>\n<p>&nbsp;<\/p>\n","protected":false},"excerpt":{"rendered":"<p>\u00bfCu\u00e1nto\u00a0envejece la piel tras una quemadura solar? No sabemos con exactitud lo que envejece la piel con cada quemadura provocada por la exposici\u00f3n solar excesiva. Pero lo que est\u00e1s demostrado es que la piel de las personas que han abusado del sol (tanto si alguna vez han llegado a quemarse como si nunca les ha [&hellip;]<\/p>\n","protected":false},"author":1,"featured_media":473,"comment_status":"closed","ping_status":"closed","sticky":false,"template":"","format":"standard","meta":{"footnotes":""},"categories":[5,81,43],"tags":[54,40,96,83,85,19,16,97,55,84,56],"class_list":["post-471","post","type-post","status-publish","format-standard","has-post-thumbnail","hentry","category-cuidado-de-la-piel","category-como-protejer-las-piel-del-sol-este-verano","category-news-facial","tag-clinicas-estetica-en-madrid","tag-cuidado-de-la-piel","tag-cuidado-facial","tag-cuidados-de-la-piel-frente-al-sol","tag-cuidados-para-no-quemarse-en-verano","tag-estetica-facial","tag-facial","tag-fotoenvejecimiento","tag-fotoenvenjecimiento","tag-fotoproteccion","tag-fotoprotectores"],"yoast_head":"<!-- This site is optimized with the Yoast SEO plugin v28.3 - https:\/\/yoast.com\/product\/yoast-seo-wordpress\/ -->\n<title>\u00bfCu\u00e1nto envejece la piel tras una quemadura solar?<\/title>\n<meta name=\"description\" content=\"Cu\u00e1nto envejece la piel tras una quemadura solar? No sabemos con exactitud lo que envejece la piel con las quemadura provocada por exposici\u00f3n solar excesiva\" \/>\n<meta name=\"robots\" content=\"index, follow, max-snippet:-1, max-image-preview:large, max-video-preview:-1\" \/>\n<link rel=\"canonical\" href=\"https:\/\/www.ideidermatologia.com\/noticias\/cuanto-envejece-la-piel-tras-una-quemadura-solar\/\" \/>\n<meta property=\"og:locale\" content=\"es_ES\" \/>\n<meta property=\"og:type\" content=\"article\" \/>\n<meta property=\"og:title\" content=\"\u00bfCu\u00e1nto envejece la piel tras una quemadura solar?\" \/>\n<meta property=\"og:description\" content=\"Cu\u00e1nto envejece la piel tras una quemadura solar? No sabemos con exactitud lo que envejece la piel con las quemadura provocada por exposici\u00f3n solar excesiva\" \/>\n<meta property=\"og:url\" content=\"https:\/\/www.ideidermatologia.com\/noticias\/cuanto-envejece-la-piel-tras-una-quemadura-solar\/\" \/>\n<meta property=\"og:site_name\" content=\"Dermatology Visual Blog\" \/>\n<meta property=\"article:publisher\" content=\"https:\/\/www.facebook.com\/pages\/IDEI-Cuidado-Facial\/1559067711026199?ref=hl\" \/>\n<meta property=\"article:published_time\" content=\"2015-07-04T08:00:37+00:00\" \/>\n<meta property=\"article:modified_time\" content=\"2024-08-01T11:09:50+00:00\" \/>\n<meta property=\"og:image\" content=\"https:\/\/www.ideidermatologia.com\/noticias\/wp-content\/uploads\/2015\/08\/cuanto-envejece-la-piel-tras-una-quemadura-solar.png\" \/>\n\t<meta property=\"og:image:width\" content=\"1490\" \/>\n\t<meta property=\"og:image:height\" content=\"1235\" \/>\n\t<meta property=\"og:image:type\" content=\"image\/png\" \/>\n<meta name=\"author\" content=\"Cl\u00ednica IDEI\" \/>\n<meta name=\"twitter:card\" content=\"summary_large_image\" \/>\n<meta name=\"twitter:creator\" content=\"@Admin\" \/>\n<meta name=\"twitter:site\" content=\"@IDEI_Facial\" \/>\n<meta name=\"twitter:label1\" content=\"Escrito por\" \/>\n\t<meta name=\"twitter:data1\" content=\"Cl\u00ednica IDEI\" \/>\n\t<meta name=\"twitter:label2\" content=\"Tiempo de lectura\" \/>\n\t<meta name=\"twitter:data2\" content=\"1 minuto\" \/>\n<script type=\"application\/ld+json\" class=\"yoast-schema-graph\">{\"@context\":\"https:\\\/\\\/schema.org\",\"@graph\":[{\"@type\":\"Article\",\"@id\":\"https:\\\/\\\/www.ideidermatologia.com\\\/noticias\\\/cuanto-envejece-la-piel-tras-una-quemadura-solar\\\/#article\",\"isPartOf\":{\"@id\":\"https:\\\/\\\/www.ideidermatologia.com\\\/noticias\\\/cuanto-envejece-la-piel-tras-una-quemadura-solar\\\/\"},\"author\":{\"name\":\"Cl\u00ednica IDEI\",\"@id\":\"https:\\\/\\\/www.ideidermatologia.com\\\/noticias\\\/#\\\/schema\\\/person\\\/43281bfaa301b08acbb37be995923296\"},\"headline\":\"\u00bfCu\u00e1nto envejece la piel tras una quemadura solar?\",\"datePublished\":\"2015-07-04T08:00:37+00:00\",\"dateModified\":\"2024-08-01T11:09:50+00:00\",\"mainEntityOfPage\":{\"@id\":\"https:\\\/\\\/www.ideidermatologia.com\\\/noticias\\\/cuanto-envejece-la-piel-tras-una-quemadura-solar\\\/\"},\"wordCount\":224,\"publisher\":{\"@id\":\"https:\\\/\\\/www.ideidermatologia.com\\\/noticias\\\/#organization\"},\"image\":{\"@id\":\"https:\\\/\\\/www.ideidermatologia.com\\\/noticias\\\/cuanto-envejece-la-piel-tras-una-quemadura-solar\\\/#primaryimage\"},\"thumbnailUrl\":\"https:\\\/\\\/www.ideidermatologia.com\\\/noticias\\\/wp-content\\\/uploads\\\/2015\\\/08\\\/cuanto-envejece-la-piel-tras-una-quemadura-solar.png\",\"keywords\":[\"clinicas estetica en madrid\",\"cuidado de la piel\",\"cuidado facial\",\"cuidados de la piel frente al sol\",\"cuidados para no quemarse en verano\",\"estetica facial\",\"facial\",\"fotoenvejecimiento\",\"fotoenvenjecimiento\",\"fotoprotecci\u00f3n\",\"fotoprotectores\"],\"articleSection\":[\"Cuidado de la Piel\",\"DermoConsejos Summer\",\"Facial\"],\"inLanguage\":\"es\"},{\"@type\":\"WebPage\",\"@id\":\"https:\\\/\\\/www.ideidermatologia.com\\\/noticias\\\/cuanto-envejece-la-piel-tras-una-quemadura-solar\\\/\",\"url\":\"https:\\\/\\\/www.ideidermatologia.com\\\/noticias\\\/cuanto-envejece-la-piel-tras-una-quemadura-solar\\\/\",\"name\":\"\u00bfCu\u00e1nto envejece la piel tras una quemadura solar?\",\"isPartOf\":{\"@id\":\"https:\\\/\\\/www.ideidermatologia.com\\\/noticias\\\/#website\"},\"primaryImageOfPage\":{\"@id\":\"https:\\\/\\\/www.ideidermatologia.com\\\/noticias\\\/cuanto-envejece-la-piel-tras-una-quemadura-solar\\\/#primaryimage\"},\"image\":{\"@id\":\"https:\\\/\\\/www.ideidermatologia.com\\\/noticias\\\/cuanto-envejece-la-piel-tras-una-quemadura-solar\\\/#primaryimage\"},\"thumbnailUrl\":\"https:\\\/\\\/www.ideidermatologia.com\\\/noticias\\\/wp-content\\\/uploads\\\/2015\\\/08\\\/cuanto-envejece-la-piel-tras-una-quemadura-solar.png\",\"datePublished\":\"2015-07-04T08:00:37+00:00\",\"dateModified\":\"2024-08-01T11:09:50+00:00\",\"description\":\"Cu\u00e1nto envejece la piel tras una quemadura solar? No sabemos con exactitud lo que envejece la piel con las quemadura provocada por exposici\u00f3n solar excesiva\",\"breadcrumb\":{\"@id\":\"https:\\\/\\\/www.ideidermatologia.com\\\/noticias\\\/cuanto-envejece-la-piel-tras-una-quemadura-solar\\\/#breadcrumb\"},\"inLanguage\":\"es\",\"potentialAction\":[{\"@type\":\"ReadAction\",\"target\":[\"https:\\\/\\\/www.ideidermatologia.com\\\/noticias\\\/cuanto-envejece-la-piel-tras-una-quemadura-solar\\\/\"]}]},{\"@type\":\"ImageObject\",\"inLanguage\":\"es\",\"@id\":\"https:\\\/\\\/www.ideidermatologia.com\\\/noticias\\\/cuanto-envejece-la-piel-tras-una-quemadura-solar\\\/#primaryimage\",\"url\":\"https:\\\/\\\/www.ideidermatologia.com\\\/noticias\\\/wp-content\\\/uploads\\\/2015\\\/08\\\/cuanto-envejece-la-piel-tras-una-quemadura-solar.png\",\"contentUrl\":\"https:\\\/\\\/www.ideidermatologia.com\\\/noticias\\\/wp-content\\\/uploads\\\/2015\\\/08\\\/cuanto-envejece-la-piel-tras-una-quemadura-solar.png\",\"width\":1490,\"height\":1235,\"caption\":\"\u00bfcu\u00e1nto-envejece-la-piel-tras-una-quemadura-solar?\"},{\"@type\":\"BreadcrumbList\",\"@id\":\"https:\\\/\\\/www.ideidermatologia.com\\\/noticias\\\/cuanto-envejece-la-piel-tras-una-quemadura-solar\\\/#breadcrumb\",\"itemListElement\":[{\"@type\":\"ListItem\",\"position\":1,\"name\":\"Portada\",\"item\":\"https:\\\/\\\/www.ideidermatologia.com\\\/noticias\\\/\"},{\"@type\":\"ListItem\",\"position\":2,\"name\":\"\u00bfCu\u00e1nto envejece la piel tras una quemadura solar?\"}]},{\"@type\":\"WebSite\",\"@id\":\"https:\\\/\\\/www.ideidermatologia.com\\\/noticias\\\/#website\",\"url\":\"https:\\\/\\\/www.ideidermatologia.com\\\/noticias\\\/\",\"name\":\"Dermatology Visual Blog\",\"description\":\"Dedicados a cuidar tu piel\",\"publisher\":{\"@id\":\"https:\\\/\\\/www.ideidermatologia.com\\\/noticias\\\/#organization\"},\"potentialAction\":[{\"@type\":\"SearchAction\",\"target\":{\"@type\":\"EntryPoint\",\"urlTemplate\":\"https:\\\/\\\/www.ideidermatologia.com\\\/noticias\\\/?s={search_term_string}\"},\"query-input\":{\"@type\":\"PropertyValueSpecification\",\"valueRequired\":true,\"valueName\":\"search_term_string\"}}],\"inLanguage\":\"es\"},{\"@type\":\"Organization\",\"@id\":\"https:\\\/\\\/www.ideidermatologia.com\\\/noticias\\\/#organization\",\"name\":\"IDEI\",\"url\":\"https:\\\/\\\/www.ideidermatologia.com\\\/noticias\\\/\",\"logo\":{\"@type\":\"ImageObject\",\"inLanguage\":\"es\",\"@id\":\"https:\\\/\\\/www.ideidermatologia.com\\\/noticias\\\/#\\\/schema\\\/logo\\\/image\\\/\",\"url\":\"https:\\\/\\\/www.ideidermatologia.com\\\/noticias\\\/wp-content\\\/uploads\\\/2024\\\/07\\\/logo-DVB-262x73-transformed.png\",\"contentUrl\":\"https:\\\/\\\/www.ideidermatologia.com\\\/noticias\\\/wp-content\\\/uploads\\\/2024\\\/07\\\/logo-DVB-262x73-transformed.png\",\"width\":1048,\"height\":292,\"caption\":\"IDEI\"},\"image\":{\"@id\":\"https:\\\/\\\/www.ideidermatologia.com\\\/noticias\\\/#\\\/schema\\\/logo\\\/image\\\/\"},\"sameAs\":[\"https:\\\/\\\/www.facebook.com\\\/pages\\\/IDEI-Cuidado-Facial\\\/1559067711026199?ref=hl\",\"https:\\\/\\\/x.com\\\/IDEI_Facial\"]},{\"@type\":\"Person\",\"@id\":\"https:\\\/\\\/www.ideidermatologia.com\\\/noticias\\\/#\\\/schema\\\/person\\\/43281bfaa301b08acbb37be995923296\",\"name\":\"Cl\u00ednica IDEI\",\"sameAs\":[\"http:\\\/\\\/ideidermatologia.com\",\"https:\\\/\\\/www.instagram.com\\\/idei_dermatologia\\\/\",\"https:\\\/\\\/x.com\\\/Admin\"]}]}<\/script>\n<!-- \/ Yoast SEO plugin. -->","yoast_head_json":{"title":"\u00bfCu\u00e1nto envejece la piel tras una quemadura solar?","description":"Cu\u00e1nto envejece la piel tras una quemadura solar? No sabemos con exactitud lo que envejece la piel con las quemadura provocada por exposici\u00f3n solar excesiva","robots":{"index":"index","follow":"follow","max-snippet":"max-snippet:-1","max-image-preview":"max-image-preview:large","max-video-preview":"max-video-preview:-1"},"canonical":"https:\/\/www.ideidermatologia.com\/noticias\/cuanto-envejece-la-piel-tras-una-quemadura-solar\/","og_locale":"es_ES","og_type":"article","og_title":"\u00bfCu\u00e1nto envejece la piel tras una quemadura solar?","og_description":"Cu\u00e1nto envejece la piel tras una quemadura solar? No sabemos con exactitud lo que envejece la piel con las quemadura provocada por exposici\u00f3n solar excesiva","og_url":"https:\/\/www.ideidermatologia.com\/noticias\/cuanto-envejece-la-piel-tras-una-quemadura-solar\/","og_site_name":"Dermatology Visual Blog","article_publisher":"https:\/\/www.facebook.com\/pages\/IDEI-Cuidado-Facial\/1559067711026199?ref=hl","article_published_time":"2015-07-04T08:00:37+00:00","article_modified_time":"2024-08-01T11:09:50+00:00","og_image":[{"width":1490,"height":1235,"url":"https:\/\/www.ideidermatologia.com\/noticias\/wp-content\/uploads\/2015\/08\/cuanto-envejece-la-piel-tras-una-quemadura-solar.png","type":"image\/png"}],"author":"Cl\u00ednica IDEI","twitter_card":"summary_large_image","twitter_creator":"@Admin","twitter_site":"@IDEI_Facial","twitter_misc":{"Escrito por":"Cl\u00ednica IDEI","Tiempo de lectura":"1 minuto"},"schema":{"@context":"https:\/\/schema.org","@graph":[{"@type":"Article","@id":"https:\/\/www.ideidermatologia.com\/noticias\/cuanto-envejece-la-piel-tras-una-quemadura-solar\/#article","isPartOf":{"@id":"https:\/\/www.ideidermatologia.com\/noticias\/cuanto-envejece-la-piel-tras-una-quemadura-solar\/"},"author":{"name":"Cl\u00ednica IDEI","@id":"https:\/\/www.ideidermatologia.com\/noticias\/#\/schema\/person\/43281bfaa301b08acbb37be995923296"},"headline":"\u00bfCu\u00e1nto envejece la piel tras una quemadura solar?","datePublished":"2015-07-04T08:00:37+00:00","dateModified":"2024-08-01T11:09:50+00:00","mainEntityOfPage":{"@id":"https:\/\/www.ideidermatologia.com\/noticias\/cuanto-envejece-la-piel-tras-una-quemadura-solar\/"},"wordCount":224,"publisher":{"@id":"https:\/\/www.ideidermatologia.com\/noticias\/#organization"},"image":{"@id":"https:\/\/www.ideidermatologia.com\/noticias\/cuanto-envejece-la-piel-tras-una-quemadura-solar\/#primaryimage"},"thumbnailUrl":"https:\/\/www.ideidermatologia.com\/noticias\/wp-content\/uploads\/2015\/08\/cuanto-envejece-la-piel-tras-una-quemadura-solar.png","keywords":["clinicas estetica en madrid","cuidado de la piel","cuidado facial","cuidados de la piel frente al sol","cuidados para no quemarse en verano","estetica facial","facial","fotoenvejecimiento","fotoenvenjecimiento","fotoprotecci\u00f3n","fotoprotectores"],"articleSection":["Cuidado de la Piel","DermoConsejos Summer","Facial"],"inLanguage":"es"},{"@type":"WebPage","@id":"https:\/\/www.ideidermatologia.com\/noticias\/cuanto-envejece-la-piel-tras-una-quemadura-solar\/","url":"https:\/\/www.ideidermatologia.com\/noticias\/cuanto-envejece-la-piel-tras-una-quemadura-solar\/","name":"\u00bfCu\u00e1nto envejece la piel tras una quemadura solar?","isPartOf":{"@id":"https:\/\/www.ideidermatologia.com\/noticias\/#website"},"primaryImageOfPage":{"@id":"https:\/\/www.ideidermatologia.com\/noticias\/cuanto-envejece-la-piel-tras-una-quemadura-solar\/#primaryimage"},"image":{"@id":"https:\/\/www.ideidermatologia.com\/noticias\/cuanto-envejece-la-piel-tras-una-quemadura-solar\/#primaryimage"},"thumbnailUrl":"https:\/\/www.ideidermatologia.com\/noticias\/wp-content\/uploads\/2015\/08\/cuanto-envejece-la-piel-tras-una-quemadura-solar.png","datePublished":"2015-07-04T08:00:37+00:00","dateModified":"2024-08-01T11:09:50+00:00","description":"Cu\u00e1nto envejece la piel tras una quemadura solar? No sabemos con exactitud lo que envejece la piel con las quemadura provocada por exposici\u00f3n solar excesiva","breadcrumb":{"@id":"https:\/\/www.ideidermatologia.com\/noticias\/cuanto-envejece-la-piel-tras-una-quemadura-solar\/#breadcrumb"},"inLanguage":"es","potentialAction":[{"@type":"ReadAction","target":["https:\/\/www.ideidermatologia.com\/noticias\/cuanto-envejece-la-piel-tras-una-quemadura-solar\/"]}]},{"@type":"ImageObject","inLanguage":"es","@id":"https:\/\/www.ideidermatologia.com\/noticias\/cuanto-envejece-la-piel-tras-una-quemadura-solar\/#primaryimage","url":"https:\/\/www.ideidermatologia.com\/noticias\/wp-content\/uploads\/2015\/08\/cuanto-envejece-la-piel-tras-una-quemadura-solar.png","contentUrl":"https:\/\/www.ideidermatologia.com\/noticias\/wp-content\/uploads\/2015\/08\/cuanto-envejece-la-piel-tras-una-quemadura-solar.png","width":1490,"height":1235,"caption":"\u00bfcu\u00e1nto-envejece-la-piel-tras-una-quemadura-solar?"},{"@type":"BreadcrumbList","@id":"https:\/\/www.ideidermatologia.com\/noticias\/cuanto-envejece-la-piel-tras-una-quemadura-solar\/#breadcrumb","itemListElement":[{"@type":"ListItem","position":1,"name":"Portada","item":"https:\/\/www.ideidermatologia.com\/noticias\/"},{"@type":"ListItem","position":2,"name":"\u00bfCu\u00e1nto envejece la piel tras una quemadura solar?"}]},{"@type":"WebSite","@id":"https:\/\/www.ideidermatologia.com\/noticias\/#website","url":"https:\/\/www.ideidermatologia.com\/noticias\/","name":"Dermatology Visual Blog","description":"Dedicados a cuidar tu piel","publisher":{"@id":"https:\/\/www.ideidermatologia.com\/noticias\/#organization"},"potentialAction":[{"@type":"SearchAction","target":{"@type":"EntryPoint","urlTemplate":"https:\/\/www.ideidermatologia.com\/noticias\/?s={search_term_string}"},"query-input":{"@type":"PropertyValueSpecification","valueRequired":true,"valueName":"search_term_string"}}],"inLanguage":"es"},{"@type":"Organization","@id":"https:\/\/www.ideidermatologia.com\/noticias\/#organization","name":"IDEI","url":"https:\/\/www.ideidermatologia.com\/noticias\/","logo":{"@type":"ImageObject","inLanguage":"es","@id":"https:\/\/www.ideidermatologia.com\/noticias\/#\/schema\/logo\/image\/","url":"https:\/\/www.ideidermatologia.com\/noticias\/wp-content\/uploads\/2024\/07\/logo-DVB-262x73-transformed.png","contentUrl":"https:\/\/www.ideidermatologia.com\/noticias\/wp-content\/uploads\/2024\/07\/logo-DVB-262x73-transformed.png","width":1048,"height":292,"caption":"IDEI"},"image":{"@id":"https:\/\/www.ideidermatologia.com\/noticias\/#\/schema\/logo\/image\/"},"sameAs":["https:\/\/www.facebook.com\/pages\/IDEI-Cuidado-Facial\/1559067711026199?ref=hl","https:\/\/x.com\/IDEI_Facial"]},{"@type":"Person","@id":"https:\/\/www.ideidermatologia.com\/noticias\/#\/schema\/person\/43281bfaa301b08acbb37be995923296","name":"Cl\u00ednica IDEI","sameAs":["http:\/\/ideidermatologia.com","https:\/\/www.instagram.com\/idei_dermatologia\/","https:\/\/x.com\/Admin"]}]}},"_links":{"self":[{"href":"https:\/\/www.ideidermatologia.com\/noticias\/wp-json\/wp\/v2\/posts\/471","targetHints":{"allow":["GET"]}}],"collection":[{"href":"https:\/\/www.ideidermatologia.com\/noticias\/wp-json\/wp\/v2\/posts"}],"about":[{"href":"https:\/\/www.ideidermatologia.com\/noticias\/wp-json\/wp\/v2\/types\/post"}],"author":[{"embeddable":true,"href":"https:\/\/www.ideidermatologia.com\/noticias\/wp-json\/wp\/v2\/users\/1"}],"replies":[{"embeddable":true,"href":"https:\/\/www.ideidermatologia.com\/noticias\/wp-json\/wp\/v2\/comments?post=471"}],"version-history":[{"count":0,"href":"https:\/\/www.ideidermatologia.com\/noticias\/wp-json\/wp\/v2\/posts\/471\/revisions"}],"wp:featuredmedia":[{"embeddable":true,"href":"https:\/\/www.ideidermatologia.com\/noticias\/wp-json\/wp\/v2\/media\/473"}],"wp:attachment":[{"href":"https:\/\/www.ideidermatologia.com\/noticias\/wp-json\/wp\/v2\/media?parent=471"}],"wp:term":[{"taxonomy":"category","embeddable":true,"href":"https:\/\/www.ideidermatologia.com\/noticias\/wp-json\/wp\/v2\/categories?post=471"},{"taxonomy":"post_tag","embeddable":true,"href":"https:\/\/www.ideidermatologia.com\/noticias\/wp-json\/wp\/v2\/tags?post=471"}],"curies":[{"name":"wp","href":"https:\/\/api.w.org\/{rel}","templated":true}]}}