{"id":407,"date":"2015-07-01T17:43:11","date_gmt":"2015-07-01T15:43:11","guid":{"rendered":"https:\/\/www.ideidermatologia.com\/noticias\/?p=407"},"modified":"2015-08-03T18:04:23","modified_gmt":"2015-08-03T16:04:23","slug":"por-que-se-nos-quema-la-piel","status":"publish","type":"post","link":"https:\/\/www.ideidermatologia.com\/noticias\/por-que-se-nos-quema-la-piel\/","title":{"rendered":"\u00bfPor qu\u00e9 se nos quema la piel?"},"content":{"rendered":"<h2><span style=\"color: #00969e;\">Los motivos por los por qu\u00e9 se nos quema la piel son los siguientes:<\/span><\/h2>\n<h2>Los <strong><span style=\"color: #00969e;\">rayos ultravioletas<\/span> <\/strong>son los principales causantes de las quemaduras solares. Los <span style=\"color: #00969e;\"><strong>rayos UVA y UVB<\/strong><\/span> tiene capacidad para inducir reacciones qu\u00edmicas de distintos componentes de las c\u00e9lulas cut\u00e1neas, produciendo da\u00f1os temporales o permanentes. La <span style=\"color: #00969e;\"><strong>melanina es<\/strong> <\/span>un pigmento que tenemos en la capa exterior de la piel (epidermis) que nos protege de ellos.<\/h2>\n<p>&nbsp;<\/p>\n<p><a href=\"https:\/\/www.ideidermatologia.com\/noticias\/wp-content\/uploads\/2015\/07\/consejos-para-proteger-tu-piel-del-sol.png\"><img fetchpriority=\"high\" decoding=\"async\" class=\" size-full wp-image-410 aligncenter\" src=\"https:\/\/www.ideidermatologia.com\/noticias\/wp-content\/uploads\/2015\/07\/consejos-para-proteger-tu-piel-del-sol.png\" alt=\"consejos para proteger tu piel del sol\" width=\"800\" height=\"800\" srcset=\"https:\/\/www.ideidermatologia.com\/noticias\/wp-content\/uploads\/2015\/07\/consejos-para-proteger-tu-piel-del-sol.png 800w, https:\/\/www.ideidermatologia.com\/noticias\/wp-content\/uploads\/2015\/07\/consejos-para-proteger-tu-piel-del-sol-150x150.png 150w, https:\/\/www.ideidermatologia.com\/noticias\/wp-content\/uploads\/2015\/07\/consejos-para-proteger-tu-piel-del-sol-300x300.png 300w, https:\/\/www.ideidermatologia.com\/noticias\/wp-content\/uploads\/2015\/07\/consejos-para-proteger-tu-piel-del-sol-180x180.png 180w, https:\/\/www.ideidermatologia.com\/noticias\/wp-content\/uploads\/2015\/07\/consejos-para-proteger-tu-piel-del-sol-600x600.png 600w, https:\/\/www.ideidermatologia.com\/noticias\/wp-content\/uploads\/2015\/07\/consejos-para-proteger-tu-piel-del-sol-125x125.png 125w\" sizes=\"(max-width: 800px) 100vw, 800px\" \/><\/a><\/p>\n<p>&nbsp;<\/p>\n<p>&nbsp;<\/p>\n<h3 style=\"text-align: center;\">Consejo del Dr. Miguel S\u00e1nchez Viera. Director de\u00a0<span style=\"color: #00969e;\"><a href=\"http:\/\/www.ideidermatologia.com\">IDEI. Instituto de Dermatologia Integral<\/a><\/span><\/h3>\n<p>&nbsp;<\/p>\n","protected":false},"excerpt":{"rendered":"<p>Los motivos por los por qu\u00e9 se nos quema la piel son los siguientes: Los rayos ultravioletas son los principales causantes de las quemaduras solares. Los rayos UVA y UVB tiene capacidad para inducir reacciones qu\u00edmicas de distintos componentes de las c\u00e9lulas cut\u00e1neas, produciendo da\u00f1os temporales o permanentes. La melanina es un pigmento que tenemos [&hellip;]<\/p>\n","protected":false},"author":1,"featured_media":418,"comment_status":"open","ping_status":"open","sticky":false,"template":"","format":"standard","meta":{"footnotes":""},"categories":[5,81,43],"tags":[83,85,82,84],"class_list":["post-407","post","type-post","status-publish","format-standard","has-post-thumbnail","hentry","category-cuidado-de-la-piel","category-como-protejer-las-piel-del-sol-este-verano","category-news-facial","tag-cuidados-de-la-piel-frente-al-sol","tag-cuidados-para-no-quemarse-en-verano","tag-dermatologia","tag-fotoproteccion"],"yoast_head":"<!-- This site is optimized with the Yoast SEO plugin v28.3 - https:\/\/yoast.com\/product\/yoast-seo-wordpress\/ -->\n<title>\u00bfPor qu\u00e9 se nos quema la piel? Dermoconsejos IDEI<\/title>\n<meta name=\"description\" content=\"Por qu\u00e9 se nos quema la piel? Dermoconsejos IDEI Instituto Dermatologia Integral de Madrid en Dermatology Visual Blog; Cuidado de la piel y el cabello\" \/>\n<meta name=\"robots\" content=\"index, follow, max-snippet:-1, max-image-preview:large, max-video-preview:-1\" \/>\n<link rel=\"canonical\" href=\"https:\/\/www.ideidermatologia.com\/noticias\/por-que-se-nos-quema-la-piel\/\" \/>\n<meta property=\"og:locale\" content=\"es_ES\" \/>\n<meta property=\"og:type\" content=\"article\" \/>\n<meta property=\"og:title\" content=\"\u00bfPor qu\u00e9 se nos quema la piel? Dermoconsejos IDEI\" \/>\n<meta property=\"og:description\" content=\"Por qu\u00e9 se nos quema la piel? Dermoconsejos IDEI Instituto Dermatologia Integral de Madrid en Dermatology Visual Blog; Cuidado de la piel y el cabello\" \/>\n<meta property=\"og:url\" content=\"https:\/\/www.ideidermatologia.com\/noticias\/por-que-se-nos-quema-la-piel\/\" \/>\n<meta property=\"og:site_name\" content=\"Dermatology Visual Blog\" \/>\n<meta property=\"article:publisher\" content=\"https:\/\/www.facebook.com\/pages\/IDEI-Cuidado-Facial\/1559067711026199?ref=hl\" \/>\n<meta property=\"article:published_time\" content=\"2015-07-01T15:43:11+00:00\" \/>\n<meta property=\"article:modified_time\" content=\"2015-08-03T16:04:23+00:00\" \/>\n<meta property=\"og:image\" content=\"https:\/\/i0.wp.com\/dermatologyvisualblog.com\/wp-content\/uploads\/2015\/07\/DERMOCONSEJOS-SUMMER-IDEI-2.png?fit=1490%2C1235&ssl=1\" \/>\n\t<meta property=\"og:image:width\" content=\"1490\" \/>\n\t<meta property=\"og:image:height\" content=\"1235\" \/>\n\t<meta property=\"og:image:type\" content=\"image\/png\" \/>\n<meta name=\"author\" content=\"Cl\u00ednica IDEI\" \/>\n<meta name=\"twitter:card\" content=\"summary_large_image\" \/>\n<meta name=\"twitter:creator\" content=\"@Admin\" \/>\n<meta name=\"twitter:site\" content=\"@IDEI_Facial\" \/>\n<meta name=\"twitter:label1\" content=\"Escrito por\" \/>\n\t<meta name=\"twitter:data1\" content=\"Cl\u00ednica IDEI\" \/>\n<script type=\"application\/ld+json\" class=\"yoast-schema-graph\">{\"@context\":\"https:\\\/\\\/schema.org\",\"@graph\":[{\"@type\":\"Article\",\"@id\":\"https:\\\/\\\/www.ideidermatologia.com\\\/noticias\\\/por-que-se-nos-quema-la-piel\\\/#article\",\"isPartOf\":{\"@id\":\"https:\\\/\\\/www.ideidermatologia.com\\\/noticias\\\/por-que-se-nos-quema-la-piel\\\/\"},\"author\":{\"name\":\"Cl\u00ednica IDEI\",\"@id\":\"https:\\\/\\\/www.ideidermatologia.com\\\/noticias\\\/#\\\/schema\\\/person\\\/43281bfaa301b08acbb37be995923296\"},\"headline\":\"\u00bfPor qu\u00e9 se nos quema la piel?\",\"datePublished\":\"2015-07-01T15:43:11+00:00\",\"dateModified\":\"2015-08-03T16:04:23+00:00\",\"mainEntityOfPage\":{\"@id\":\"https:\\\/\\\/www.ideidermatologia.com\\\/noticias\\\/por-que-se-nos-quema-la-piel\\\/\"},\"wordCount\":97,\"commentCount\":0,\"publisher\":{\"@id\":\"https:\\\/\\\/www.ideidermatologia.com\\\/noticias\\\/#organization\"},\"image\":{\"@id\":\"https:\\\/\\\/www.ideidermatologia.com\\\/noticias\\\/por-que-se-nos-quema-la-piel\\\/#primaryimage\"},\"thumbnailUrl\":\"https:\\\/\\\/www.ideidermatologia.com\\\/noticias\\\/wp-content\\\/uploads\\\/2015\\\/07\\\/DERMOCONSEJOS-SUMMER-IDEI-2.png\",\"keywords\":[\"cuidados de la piel frente al sol\",\"cuidados para no quemarse en verano\",\"dermatologia\",\"fotoprotecci\u00f3n\"],\"articleSection\":[\"Cuidado de la Piel\",\"DermoConsejos Summer\",\"Facial\"],\"inLanguage\":\"es\"},{\"@type\":\"WebPage\",\"@id\":\"https:\\\/\\\/www.ideidermatologia.com\\\/noticias\\\/por-que-se-nos-quema-la-piel\\\/\",\"url\":\"https:\\\/\\\/www.ideidermatologia.com\\\/noticias\\\/por-que-se-nos-quema-la-piel\\\/\",\"name\":\"\u00bfPor qu\u00e9 se nos quema la piel? Dermoconsejos IDEI\",\"isPartOf\":{\"@id\":\"https:\\\/\\\/www.ideidermatologia.com\\\/noticias\\\/#website\"},\"primaryImageOfPage\":{\"@id\":\"https:\\\/\\\/www.ideidermatologia.com\\\/noticias\\\/por-que-se-nos-quema-la-piel\\\/#primaryimage\"},\"image\":{\"@id\":\"https:\\\/\\\/www.ideidermatologia.com\\\/noticias\\\/por-que-se-nos-quema-la-piel\\\/#primaryimage\"},\"thumbnailUrl\":\"https:\\\/\\\/www.ideidermatologia.com\\\/noticias\\\/wp-content\\\/uploads\\\/2015\\\/07\\\/DERMOCONSEJOS-SUMMER-IDEI-2.png\",\"datePublished\":\"2015-07-01T15:43:11+00:00\",\"dateModified\":\"2015-08-03T16:04:23+00:00\",\"description\":\"Por qu\u00e9 se nos quema la piel? Dermoconsejos IDEI Instituto Dermatologia Integral de Madrid en Dermatology Visual Blog; Cuidado de la piel y el cabello\",\"breadcrumb\":{\"@id\":\"https:\\\/\\\/www.ideidermatologia.com\\\/noticias\\\/por-que-se-nos-quema-la-piel\\\/#breadcrumb\"},\"inLanguage\":\"es\",\"potentialAction\":[{\"@type\":\"ReadAction\",\"target\":[\"https:\\\/\\\/www.ideidermatologia.com\\\/noticias\\\/por-que-se-nos-quema-la-piel\\\/\"]}]},{\"@type\":\"ImageObject\",\"inLanguage\":\"es\",\"@id\":\"https:\\\/\\\/www.ideidermatologia.com\\\/noticias\\\/por-que-se-nos-quema-la-piel\\\/#primaryimage\",\"url\":\"https:\\\/\\\/www.ideidermatologia.com\\\/noticias\\\/wp-content\\\/uploads\\\/2015\\\/07\\\/DERMOCONSEJOS-SUMMER-IDEI-2.png\",\"contentUrl\":\"https:\\\/\\\/www.ideidermatologia.com\\\/noticias\\\/wp-content\\\/uploads\\\/2015\\\/07\\\/DERMOCONSEJOS-SUMMER-IDEI-2.png\",\"width\":1490,\"height\":1235,\"caption\":\"DERMOCONSEJOS SUMMER IDEI\"},{\"@type\":\"BreadcrumbList\",\"@id\":\"https:\\\/\\\/www.ideidermatologia.com\\\/noticias\\\/por-que-se-nos-quema-la-piel\\\/#breadcrumb\",\"itemListElement\":[{\"@type\":\"ListItem\",\"position\":1,\"name\":\"Portada\",\"item\":\"https:\\\/\\\/www.ideidermatologia.com\\\/noticias\\\/\"},{\"@type\":\"ListItem\",\"position\":2,\"name\":\"\u00bfPor qu\u00e9 se nos quema la piel?\"}]},{\"@type\":\"WebSite\",\"@id\":\"https:\\\/\\\/www.ideidermatologia.com\\\/noticias\\\/#website\",\"url\":\"https:\\\/\\\/www.ideidermatologia.com\\\/noticias\\\/\",\"name\":\"Dermatology Visual Blog\",\"description\":\"Dedicados a cuidar tu piel\",\"publisher\":{\"@id\":\"https:\\\/\\\/www.ideidermatologia.com\\\/noticias\\\/#organization\"},\"potentialAction\":[{\"@type\":\"SearchAction\",\"target\":{\"@type\":\"EntryPoint\",\"urlTemplate\":\"https:\\\/\\\/www.ideidermatologia.com\\\/noticias\\\/?s={search_term_string}\"},\"query-input\":{\"@type\":\"PropertyValueSpecification\",\"valueRequired\":true,\"valueName\":\"search_term_string\"}}],\"inLanguage\":\"es\"},{\"@type\":\"Organization\",\"@id\":\"https:\\\/\\\/www.ideidermatologia.com\\\/noticias\\\/#organization\",\"name\":\"IDEI\",\"url\":\"https:\\\/\\\/www.ideidermatologia.com\\\/noticias\\\/\",\"logo\":{\"@type\":\"ImageObject\",\"inLanguage\":\"es\",\"@id\":\"https:\\\/\\\/www.ideidermatologia.com\\\/noticias\\\/#\\\/schema\\\/logo\\\/image\\\/\",\"url\":\"https:\\\/\\\/www.ideidermatologia.com\\\/noticias\\\/wp-content\\\/uploads\\\/2024\\\/07\\\/logo-DVB-262x73-transformed.png\",\"contentUrl\":\"https:\\\/\\\/www.ideidermatologia.com\\\/noticias\\\/wp-content\\\/uploads\\\/2024\\\/07\\\/logo-DVB-262x73-transformed.png\",\"width\":1048,\"height\":292,\"caption\":\"IDEI\"},\"image\":{\"@id\":\"https:\\\/\\\/www.ideidermatologia.com\\\/noticias\\\/#\\\/schema\\\/logo\\\/image\\\/\"},\"sameAs\":[\"https:\\\/\\\/www.facebook.com\\\/pages\\\/IDEI-Cuidado-Facial\\\/1559067711026199?ref=hl\",\"https:\\\/\\\/x.com\\\/IDEI_Facial\"]},{\"@type\":\"Person\",\"@id\":\"https:\\\/\\\/www.ideidermatologia.com\\\/noticias\\\/#\\\/schema\\\/person\\\/43281bfaa301b08acbb37be995923296\",\"name\":\"Cl\u00ednica IDEI\",\"sameAs\":[\"http:\\\/\\\/ideidermatologia.com\",\"https:\\\/\\\/www.instagram.com\\\/idei_dermatologia\\\/\",\"https:\\\/\\\/x.com\\\/Admin\"]}]}<\/script>\n<!-- \/ Yoast SEO plugin. -->","yoast_head_json":{"title":"\u00bfPor qu\u00e9 se nos quema la piel? Dermoconsejos IDEI","description":"Por qu\u00e9 se nos quema la piel? Dermoconsejos IDEI Instituto Dermatologia Integral de Madrid en Dermatology Visual Blog; Cuidado de la piel y el cabello","robots":{"index":"index","follow":"follow","max-snippet":"max-snippet:-1","max-image-preview":"max-image-preview:large","max-video-preview":"max-video-preview:-1"},"canonical":"https:\/\/www.ideidermatologia.com\/noticias\/por-que-se-nos-quema-la-piel\/","og_locale":"es_ES","og_type":"article","og_title":"\u00bfPor qu\u00e9 se nos quema la piel? Dermoconsejos IDEI","og_description":"Por qu\u00e9 se nos quema la piel? Dermoconsejos IDEI Instituto Dermatologia Integral de Madrid en Dermatology Visual Blog; Cuidado de la piel y el cabello","og_url":"https:\/\/www.ideidermatologia.com\/noticias\/por-que-se-nos-quema-la-piel\/","og_site_name":"Dermatology Visual Blog","article_publisher":"https:\/\/www.facebook.com\/pages\/IDEI-Cuidado-Facial\/1559067711026199?ref=hl","article_published_time":"2015-07-01T15:43:11+00:00","article_modified_time":"2015-08-03T16:04:23+00:00","og_image":[{"width":1490,"height":1235,"url":"https:\/\/i0.wp.com\/dermatologyvisualblog.com\/wp-content\/uploads\/2015\/07\/DERMOCONSEJOS-SUMMER-IDEI-2.png?fit=1490%2C1235&ssl=1","type":"image\/png"}],"author":"Cl\u00ednica IDEI","twitter_card":"summary_large_image","twitter_creator":"@Admin","twitter_site":"@IDEI_Facial","twitter_misc":{"Escrito por":"Cl\u00ednica IDEI"},"schema":{"@context":"https:\/\/schema.org","@graph":[{"@type":"Article","@id":"https:\/\/www.ideidermatologia.com\/noticias\/por-que-se-nos-quema-la-piel\/#article","isPartOf":{"@id":"https:\/\/www.ideidermatologia.com\/noticias\/por-que-se-nos-quema-la-piel\/"},"author":{"name":"Cl\u00ednica IDEI","@id":"https:\/\/www.ideidermatologia.com\/noticias\/#\/schema\/person\/43281bfaa301b08acbb37be995923296"},"headline":"\u00bfPor qu\u00e9 se nos quema la piel?","datePublished":"2015-07-01T15:43:11+00:00","dateModified":"2015-08-03T16:04:23+00:00","mainEntityOfPage":{"@id":"https:\/\/www.ideidermatologia.com\/noticias\/por-que-se-nos-quema-la-piel\/"},"wordCount":97,"commentCount":0,"publisher":{"@id":"https:\/\/www.ideidermatologia.com\/noticias\/#organization"},"image":{"@id":"https:\/\/www.ideidermatologia.com\/noticias\/por-que-se-nos-quema-la-piel\/#primaryimage"},"thumbnailUrl":"https:\/\/www.ideidermatologia.com\/noticias\/wp-content\/uploads\/2015\/07\/DERMOCONSEJOS-SUMMER-IDEI-2.png","keywords":["cuidados de la piel frente al sol","cuidados para no quemarse en verano","dermatologia","fotoprotecci\u00f3n"],"articleSection":["Cuidado de la Piel","DermoConsejos Summer","Facial"],"inLanguage":"es"},{"@type":"WebPage","@id":"https:\/\/www.ideidermatologia.com\/noticias\/por-que-se-nos-quema-la-piel\/","url":"https:\/\/www.ideidermatologia.com\/noticias\/por-que-se-nos-quema-la-piel\/","name":"\u00bfPor qu\u00e9 se nos quema la piel? Dermoconsejos IDEI","isPartOf":{"@id":"https:\/\/www.ideidermatologia.com\/noticias\/#website"},"primaryImageOfPage":{"@id":"https:\/\/www.ideidermatologia.com\/noticias\/por-que-se-nos-quema-la-piel\/#primaryimage"},"image":{"@id":"https:\/\/www.ideidermatologia.com\/noticias\/por-que-se-nos-quema-la-piel\/#primaryimage"},"thumbnailUrl":"https:\/\/www.ideidermatologia.com\/noticias\/wp-content\/uploads\/2015\/07\/DERMOCONSEJOS-SUMMER-IDEI-2.png","datePublished":"2015-07-01T15:43:11+00:00","dateModified":"2015-08-03T16:04:23+00:00","description":"Por qu\u00e9 se nos quema la piel? Dermoconsejos IDEI Instituto Dermatologia Integral de Madrid en Dermatology Visual Blog; Cuidado de la piel y el cabello","breadcrumb":{"@id":"https:\/\/www.ideidermatologia.com\/noticias\/por-que-se-nos-quema-la-piel\/#breadcrumb"},"inLanguage":"es","potentialAction":[{"@type":"ReadAction","target":["https:\/\/www.ideidermatologia.com\/noticias\/por-que-se-nos-quema-la-piel\/"]}]},{"@type":"ImageObject","inLanguage":"es","@id":"https:\/\/www.ideidermatologia.com\/noticias\/por-que-se-nos-quema-la-piel\/#primaryimage","url":"https:\/\/www.ideidermatologia.com\/noticias\/wp-content\/uploads\/2015\/07\/DERMOCONSEJOS-SUMMER-IDEI-2.png","contentUrl":"https:\/\/www.ideidermatologia.com\/noticias\/wp-content\/uploads\/2015\/07\/DERMOCONSEJOS-SUMMER-IDEI-2.png","width":1490,"height":1235,"caption":"DERMOCONSEJOS SUMMER IDEI"},{"@type":"BreadcrumbList","@id":"https:\/\/www.ideidermatologia.com\/noticias\/por-que-se-nos-quema-la-piel\/#breadcrumb","itemListElement":[{"@type":"ListItem","position":1,"name":"Portada","item":"https:\/\/www.ideidermatologia.com\/noticias\/"},{"@type":"ListItem","position":2,"name":"\u00bfPor qu\u00e9 se nos quema la piel?"}]},{"@type":"WebSite","@id":"https:\/\/www.ideidermatologia.com\/noticias\/#website","url":"https:\/\/www.ideidermatologia.com\/noticias\/","name":"Dermatology Visual Blog","description":"Dedicados a cuidar tu piel","publisher":{"@id":"https:\/\/www.ideidermatologia.com\/noticias\/#organization"},"potentialAction":[{"@type":"SearchAction","target":{"@type":"EntryPoint","urlTemplate":"https:\/\/www.ideidermatologia.com\/noticias\/?s={search_term_string}"},"query-input":{"@type":"PropertyValueSpecification","valueRequired":true,"valueName":"search_term_string"}}],"inLanguage":"es"},{"@type":"Organization","@id":"https:\/\/www.ideidermatologia.com\/noticias\/#organization","name":"IDEI","url":"https:\/\/www.ideidermatologia.com\/noticias\/","logo":{"@type":"ImageObject","inLanguage":"es","@id":"https:\/\/www.ideidermatologia.com\/noticias\/#\/schema\/logo\/image\/","url":"https:\/\/www.ideidermatologia.com\/noticias\/wp-content\/uploads\/2024\/07\/logo-DVB-262x73-transformed.png","contentUrl":"https:\/\/www.ideidermatologia.com\/noticias\/wp-content\/uploads\/2024\/07\/logo-DVB-262x73-transformed.png","width":1048,"height":292,"caption":"IDEI"},"image":{"@id":"https:\/\/www.ideidermatologia.com\/noticias\/#\/schema\/logo\/image\/"},"sameAs":["https:\/\/www.facebook.com\/pages\/IDEI-Cuidado-Facial\/1559067711026199?ref=hl","https:\/\/x.com\/IDEI_Facial"]},{"@type":"Person","@id":"https:\/\/www.ideidermatologia.com\/noticias\/#\/schema\/person\/43281bfaa301b08acbb37be995923296","name":"Cl\u00ednica IDEI","sameAs":["http:\/\/ideidermatologia.com","https:\/\/www.instagram.com\/idei_dermatologia\/","https:\/\/x.com\/Admin"]}]}},"_links":{"self":[{"href":"https:\/\/www.ideidermatologia.com\/noticias\/wp-json\/wp\/v2\/posts\/407","targetHints":{"allow":["GET"]}}],"collection":[{"href":"https:\/\/www.ideidermatologia.com\/noticias\/wp-json\/wp\/v2\/posts"}],"about":[{"href":"https:\/\/www.ideidermatologia.com\/noticias\/wp-json\/wp\/v2\/types\/post"}],"author":[{"embeddable":true,"href":"https:\/\/www.ideidermatologia.com\/noticias\/wp-json\/wp\/v2\/users\/1"}],"replies":[{"embeddable":true,"href":"https:\/\/www.ideidermatologia.com\/noticias\/wp-json\/wp\/v2\/comments?post=407"}],"version-history":[{"count":0,"href":"https:\/\/www.ideidermatologia.com\/noticias\/wp-json\/wp\/v2\/posts\/407\/revisions"}],"wp:featuredmedia":[{"embeddable":true,"href":"https:\/\/www.ideidermatologia.com\/noticias\/wp-json\/wp\/v2\/media\/418"}],"wp:attachment":[{"href":"https:\/\/www.ideidermatologia.com\/noticias\/wp-json\/wp\/v2\/media?parent=407"}],"wp:term":[{"taxonomy":"category","embeddable":true,"href":"https:\/\/www.ideidermatologia.com\/noticias\/wp-json\/wp\/v2\/categories?post=407"},{"taxonomy":"post_tag","embeddable":true,"href":"https:\/\/www.ideidermatologia.com\/noticias\/wp-json\/wp\/v2\/tags?post=407"}],"curies":[{"name":"wp","href":"https:\/\/api.w.org\/{rel}","templated":true}]}}