{"id":384,"date":"2015-06-25T20:50:17","date_gmt":"2015-06-25T18:50:17","guid":{"rendered":"https:\/\/www.ideidermatologia.com\/noticias\/?p=384"},"modified":"2015-09-15T09:46:36","modified_gmt":"2015-09-15T07:46:36","slug":"por-que-se-cae-el-cabello-en-la-menopausia","status":"publish","type":"post","link":"https:\/\/www.ideidermatologia.com\/noticias\/por-que-se-cae-el-cabello-en-la-menopausia\/","title":{"rendered":"Por qu\u00e9 se cae el cabello en la Menopausia?"},"content":{"rendered":"<h2><span style=\"color: #00969e;\">Si estas entre los 45 y 55 a\u00f1os y han empezado a llegar a tu vida s\u00edntomas como los sofocos, los cambios de humor, la ansiedad, el cansancio, problemas de insomnio, aumento de peso y menstruaciones irregulares, es muy probable que est\u00e9s iniciando una nueva etapa de tu vida como mujer; la menopausia. Este acontecimiento forma parte de nuestro ciclo vital y debemos tomarlo como algo natural porque, adem\u00e1s, es inevitable y lo ideal es llevarlo de la mejor manera posible. Entre otros muchos cambios que sufrimos en esta etapa de la vida, uno frecuente y del que no se habla demasiado es la p\u00e9rdida de cabello pero, \u00bfpor qu\u00e9 se cae el cabello en la Menopausia?.<\/span><\/h2>\n<p>&nbsp;<\/p>\n<p><a href=\"https:\/\/www.ideidermatologia.com\/noticias\/wp-content\/uploads\/2015\/06\/por-que-se-cae-el-cabello-en-la-menopausia-dr-sanchez-viera.jpg\"><img fetchpriority=\"high\" decoding=\"async\" class=\"aligncenter size-large wp-image-594\" src=\"https:\/\/www.ideidermatologia.com\/noticias\/wp-content\/uploads\/2015\/06\/por-que-se-cae-el-cabello-en-la-menopausia-dr-sanchez-viera-1024x512.jpg\" alt=\"por-que-se-cae-el-cabello-en-la-menopausia-dr-sanchez-viera\" width=\"750\" height=\"375\" srcset=\"https:\/\/www.ideidermatologia.com\/noticias\/wp-content\/uploads\/2015\/06\/por-que-se-cae-el-cabello-en-la-menopausia-dr-sanchez-viera.jpg 1024w, https:\/\/www.ideidermatologia.com\/noticias\/wp-content\/uploads\/2015\/06\/por-que-se-cae-el-cabello-en-la-menopausia-dr-sanchez-viera-300x150.jpg 300w, https:\/\/www.ideidermatologia.com\/noticias\/wp-content\/uploads\/2015\/06\/por-que-se-cae-el-cabello-en-la-menopausia-dr-sanchez-viera-480x240.jpg 480w\" sizes=\"(max-width: 750px) 100vw, 750px\" \/><\/a><\/p>\n<p>&nbsp;<\/p>\n<p>&nbsp;<\/p>\n<p>La\u00a0<span style=\"color: #00969e;\"><strong>alopecia femenina<\/strong><\/span>\u00a0es uno de los s\u00edntoma m\u00e1s frecuentes que se producen durante este periodo de cambio y que te puede afectar de forma negativa en tu vida diaria si no comprendes por qu\u00e9 sucede, qu\u00e9 problemas est\u00e9ticos puede acarrearte o c\u00f3mo puedes tratarla para paliar sus efectos.<\/p>\n<p>El <span style=\"color: #00969e;\"><strong>cambio hormonal que sufren las mujeres durante la menopausia<\/strong><\/span> con un fuerte <span style=\"color: #00969e;\">descenso de producci\u00f3n<\/span> de la hormona femenina <strong><span style=\"color: #00969e;\">(estr\u00f3genos)<\/span><\/strong> junto a la presencia posible de genes que transmiten la alopecia androgen\u00e9tica que se activan en esta etapa de la vida provoca un incremento en la p\u00e9rdida de cabello.<\/p>\n<p>&nbsp;<\/p>\n<h2><span style=\"color: #00969e;\"><strong>Desde el punto de vista hormonal debemos tener en cuenta dos factores sobre porque se cae el cabello en la Menopausia:<\/strong><\/span><\/h2>\n<p>El primero, las alteraciones en la producci\u00f3n de la\u00a0<span style=\"color: #00969e;\"><strong>hormona tiroidea<\/strong><\/span>\u00a0que son muy frecuentes en esta etapa de la vida de la mujer (1 de cada 8 mujeres en <span style=\"color: #00969e;\"><strong>menopausia<\/strong>\u00a0<\/span>tiene\u00a0<span style=\"color: #00969e;\"><strong>hipotiroidismo<\/strong><\/span>) y tambi\u00e9n se presentan casos de\u00a0<span style=\"color: #00969e;\"><strong>hipertiroidismo<\/strong><\/span>. Ambos tienen como s\u00edntoma la\u00a0<span style=\"color: #00969e;\"><strong>ca\u00edda del cabello<\/strong><strong>\u00a0<\/strong>o<strong>\u00a0<\/strong><strong>alopecia<\/strong>.<\/span><\/p>\n<p>El segundo aspecto hormonal se debe al\u00a0<span style=\"color: #00969e;\"><strong>descenso de los estr\u00f3genos<\/strong><\/span>\u00a0y como consecuencia hace que haya un aumento relativo de las\u00a0<strong><span style=\"color: #00969e;\">hormonas<\/span> <span style=\"color: #00969e;\">masculinas<\/span><\/strong>\u00a0(andr\u00f3genos) como la <span style=\"color: #00969e;\"><strong>testosterona<\/strong>.<\/span> El primer efecto sobre el cabello puede ser ca\u00edda o miniaturizaci\u00f3n del mismo, volviendo mucho m\u00e1s fino a modo casi de vello o pelusa como en que podemos tener en otras partes del cuerpo.<\/p>\n<p>&nbsp;<\/p>\n<h2><strong><span style=\"color: #00969e;\">Desde el punto de vista nutricional es recomendable seguir una estilo de vida saludable.<\/span><\/strong><\/h2>\n<p>Las mujeres despu\u00e9s de los 50 a\u00f1os deben optar por <strong><span style=\"color: #00969e;\">consumir un suplemento multivitam\u00ednico<\/span><\/strong>, ya que la capacidad para absorber ciertos nutrientes como calcio, vitamina D, hierro, disminuyen.<\/p>\n<p>Los expertos recomiendan tener una <span style=\"color: #00969e;\">dieta equilibrada, rica en frutas y vegetales frescos ricos en antioxidantes, l\u00e1cteos descremados, prote\u00edna magra, granos enteros y grasas de origen vegetal como nueces, semillas, aceite de oliva y aguacate<\/span>. El\u00a0 <span style=\"color: #00969e;\"><strong>t\u00e9 verde y t\u00e9 blanco son ricos en antioxidantes<\/strong> <\/span>que pueden proteger su cuerpo contra la exposici\u00f3n a radicales libres.<\/p>\n<h2><span style=\"color: #00969e;\"><strong>Ante los s\u00edntomas de ca\u00edda del cabello es recomendable siempre acudir a un dermat\u00f3logo que puede analizar el alcance del problema e incluso recomendar tratamientos innovadores y altamente efectivos contra la alopecia como son:<\/strong><\/span><\/h2>\n<ul>\n<li>El uso continuado de lociones y terapias a base de <strong><span style=\"color: #00969e;\">Minoxidil<\/span><\/strong><\/li>\n<li>Tratamientos con\u00a0<strong><span style=\"color: #00969e;\">l\u00e1ser y plasma rico en plaquetas realizados en<\/span><span style=\"color: #00969e;\"> <a style=\"color: #00969e;\" href=\"http:\/\/www.ideidermatologia.com\/cabello-y-alopecia\/tratamientos-y-tecnicas\/mesoterapia-capilar.html\" target=\"_blank\">centros dermatol\u00f3gicos especializados<\/a><\/span><\/strong><\/li>\n<li>La t\u00e9cnica del\u00a0<strong>microinjerto\u00a0<\/strong>en los casos m\u00e1s extremos. Con el revolucionario m\u00e9todo FUE se pueden extraer los fol\u00edculos de la zona donante sin necesidad de hacer ninguna incisi\u00f3n, consiguiendo resultados m\u00e1s naturales.<\/li>\n<li>Uso de <strong>productos capilares antica\u00edda<\/strong> y formulados por especialistas como <strong><a href=\"https:\/\/www.ideidermatologia.com\/noticias\/producto\/mascarilla-capilar-anticaida-hsc-cosmetics\/\">Hair Booster antica\u00edda<\/a><\/strong> de HSC Cosmetics.Se trata de una Mascarilla capilar concebida para\u00a0<strong>reactivar el proceso natural del crecimiento del cabello\u00a0<\/strong>y\u00a0 protegerlo de las agresiones externas y los radicales libres.\u00a0Los principios activos incluidos en su formulaci\u00f3n incluyen amino\u00e1cidos, vitaminas y p\u00e9ptidos que\u00a0<strong>revitalizan el fol\u00edculo piloso y ayudan a prolongar la fase an\u00e1gena del cabello<\/strong>\u00a0(fase de crecimiento), por la activaci\u00f3n de las c\u00e9lulas madre de fol\u00edculo piloso.\u00a0Su\u00a0<strong>complejo Bio-Restore protege el cabello y aumenta su resistencia contra las agresiones externas\u00a0<\/strong>(sol, viento, tiempo)\u00a0<strong>y los tratamientos qu\u00edmicos\u00a0<\/strong>(secador, tintes, permanentes), ayudando a reparar la fibra capilar da\u00f1ada.\u00a0Puedes comprarlo online \u00a0[button color=\u00bbblue\u00bb size=\u00bbnormal\u00bb alignment=\u00bbnone\u00bb rel=\u00bbfollow\u00bb openin=\u00bbnewwindow\u00bb url=\u00bbhttp:\/\/www.hsccosmetics.com\/l%C3%ADnea-capilar\/26-mascarilla-revitalizante-capilar.html\u00bb]Aqu\u00ed[\/button]<\/li>\n<\/ul>\n<p>&nbsp;<\/p>\n<h3><span style=\"line-height: 1.5;\">El Dr. Miguel S\u00e1nchez Viera, en este video, responde a preguntas de los televidentes sobre por que se cae el cabello en la Menopausia en el <\/span><strong style=\"line-height: 1.5;\"><a href=\"http:\/\/www.rtve.es\/television\/la-manana-de-la-1\/\" target=\"_blank\">Programa La Ma\u00f1ana de TVE<\/a><\/strong><span style=\"line-height: 1.5;\">.<\/span><\/h3>\n<p><iframe title=\"\u00bfPor qu\u00e9 se cae m\u00e1s el cabello con la menopausia?\" width=\"640\" height=\"480\" src=\"https:\/\/www.youtube.com\/embed\/no_xKLVsb10?feature=oembed\" frameborder=\"0\" allow=\"accelerometer; autoplay; clipboard-write; encrypted-media; gyroscope; picture-in-picture; web-share\" referrerpolicy=\"strict-origin-when-cross-origin\" allowfullscreen><\/iframe><\/p>\n","protected":false},"excerpt":{"rendered":"<p>Si estas entre los 45 y 55 a\u00f1os y han empezado a llegar a tu vida s\u00edntomas como los sofocos, los cambios de humor, la ansiedad, el cansancio, problemas de insomnio, aumento de peso y menstruaciones irregulares, es muy probable que est\u00e9s iniciando una nueva etapa de tu vida como mujer; la menopausia. Este acontecimiento [&hellip;]<\/p>\n","protected":false},"author":1,"featured_media":387,"comment_status":"open","ping_status":"open","sticky":false,"template":"","format":"video","meta":{"footnotes":""},"categories":[9,11,44],"tags":[25,26,79,80,78],"class_list":["post-384","post","type-post","status-publish","format-video","has-post-thumbnail","hentry","category-alopecia","category-caida-del-cabello","category-news-capilar","tag-alopecia","tag-alopecia-androgenetica","tag-alopecia-en-mujeres","tag-cabello-y-menopausia","tag-menopausia","post_format-post-format-video"],"yoast_head":"<!-- This site is optimized with the Yoast SEO plugin v28.3 - https:\/\/yoast.com\/product\/yoast-seo-wordpress\/ -->\n<title>Por que se cae el cabello en la menopausia?<\/title>\n<meta name=\"description\" content=\"En esta etapa de la vida sufrimos un cambio frecuente y del que no se habla demasiado, p\u00e9rdida de cabello pero, Por que se cae el cabello en la menopausia?.\" \/>\n<meta name=\"robots\" content=\"index, follow, max-snippet:-1, max-image-preview:large, max-video-preview:-1\" \/>\n<link rel=\"canonical\" href=\"https:\/\/www.ideidermatologia.com\/noticias\/por-que-se-cae-el-cabello-en-la-menopausia\/\" \/>\n<meta property=\"og:locale\" content=\"es_ES\" \/>\n<meta property=\"og:type\" content=\"article\" \/>\n<meta property=\"og:title\" content=\"Por que se cae el cabello en la menopausia?\" \/>\n<meta property=\"og:description\" content=\"En esta etapa de la vida sufrimos un cambio frecuente y del que no se habla demasiado, p\u00e9rdida de cabello pero, Por que se cae el cabello en la menopausia?.\" \/>\n<meta property=\"og:url\" content=\"https:\/\/www.ideidermatologia.com\/noticias\/por-que-se-cae-el-cabello-en-la-menopausia\/\" \/>\n<meta property=\"og:site_name\" content=\"Dermatology Visual Blog\" \/>\n<meta property=\"article:publisher\" content=\"https:\/\/www.facebook.com\/pages\/IDEI-Cuidado-Facial\/1559067711026199?ref=hl\" \/>\n<meta property=\"article:published_time\" content=\"2015-06-25T18:50:17+00:00\" \/>\n<meta property=\"article:modified_time\" content=\"2015-09-15T07:46:36+00:00\" \/>\n<meta property=\"og:image\" content=\"https:\/\/i2.wp.com\/dermatologyvisualblog.com\/wp-content\/uploads\/2015\/06\/por-que-se-cae-el-cabello-en-la-menopausia.png?fit=1490%2C1235&ssl=1\" \/>\n\t<meta property=\"og:image:width\" content=\"1490\" \/>\n\t<meta property=\"og:image:height\" content=\"1235\" \/>\n\t<meta property=\"og:image:type\" content=\"image\/png\" \/>\n<meta name=\"author\" content=\"Cl\u00ednica IDEI\" \/>\n<meta name=\"twitter:card\" content=\"summary_large_image\" \/>\n<meta name=\"twitter:creator\" content=\"@Admin\" \/>\n<meta name=\"twitter:site\" content=\"@IDEI_Facial\" \/>\n<meta name=\"twitter:label1\" content=\"Escrito por\" \/>\n\t<meta name=\"twitter:data1\" content=\"Cl\u00ednica IDEI\" \/>\n\t<meta name=\"twitter:label2\" content=\"Tiempo de lectura\" \/>\n\t<meta name=\"twitter:data2\" content=\"4 minutos\" \/>\n<script type=\"application\/ld+json\" class=\"yoast-schema-graph\">{\"@context\":\"https:\\\/\\\/schema.org\",\"@graph\":[{\"@type\":\"Article\",\"@id\":\"https:\\\/\\\/www.ideidermatologia.com\\\/noticias\\\/por-que-se-cae-el-cabello-en-la-menopausia\\\/#article\",\"isPartOf\":{\"@id\":\"https:\\\/\\\/www.ideidermatologia.com\\\/noticias\\\/por-que-se-cae-el-cabello-en-la-menopausia\\\/\"},\"author\":{\"name\":\"Cl\u00ednica IDEI\",\"@id\":\"https:\\\/\\\/www.ideidermatologia.com\\\/noticias\\\/#\\\/schema\\\/person\\\/43281bfaa301b08acbb37be995923296\"},\"headline\":\"Por qu\u00e9 se cae el cabello en la Menopausia?\",\"datePublished\":\"2015-06-25T18:50:17+00:00\",\"dateModified\":\"2015-09-15T07:46:36+00:00\",\"mainEntityOfPage\":{\"@id\":\"https:\\\/\\\/www.ideidermatologia.com\\\/noticias\\\/por-que-se-cae-el-cabello-en-la-menopausia\\\/\"},\"wordCount\":775,\"commentCount\":1,\"publisher\":{\"@id\":\"https:\\\/\\\/www.ideidermatologia.com\\\/noticias\\\/#organization\"},\"image\":{\"@id\":\"https:\\\/\\\/www.ideidermatologia.com\\\/noticias\\\/por-que-se-cae-el-cabello-en-la-menopausia\\\/#primaryimage\"},\"thumbnailUrl\":\"https:\\\/\\\/www.ideidermatologia.com\\\/noticias\\\/wp-content\\\/uploads\\\/2015\\\/06\\\/por-que-se-cae-el-cabello-en-la-menopausia.png\",\"keywords\":[\"alopecia\",\"alopecia androgen\u00e9tica\",\"alopecia en mujeres\",\"cabello y menopausia\",\"menopausia\"],\"articleSection\":[\"Alopecia\",\"Caida del cabello\",\"Capilar\"],\"inLanguage\":\"es\"},{\"@type\":\"WebPage\",\"@id\":\"https:\\\/\\\/www.ideidermatologia.com\\\/noticias\\\/por-que-se-cae-el-cabello-en-la-menopausia\\\/\",\"url\":\"https:\\\/\\\/www.ideidermatologia.com\\\/noticias\\\/por-que-se-cae-el-cabello-en-la-menopausia\\\/\",\"name\":\"Por que se cae el cabello en la menopausia?\",\"isPartOf\":{\"@id\":\"https:\\\/\\\/www.ideidermatologia.com\\\/noticias\\\/#website\"},\"primaryImageOfPage\":{\"@id\":\"https:\\\/\\\/www.ideidermatologia.com\\\/noticias\\\/por-que-se-cae-el-cabello-en-la-menopausia\\\/#primaryimage\"},\"image\":{\"@id\":\"https:\\\/\\\/www.ideidermatologia.com\\\/noticias\\\/por-que-se-cae-el-cabello-en-la-menopausia\\\/#primaryimage\"},\"thumbnailUrl\":\"https:\\\/\\\/www.ideidermatologia.com\\\/noticias\\\/wp-content\\\/uploads\\\/2015\\\/06\\\/por-que-se-cae-el-cabello-en-la-menopausia.png\",\"datePublished\":\"2015-06-25T18:50:17+00:00\",\"dateModified\":\"2015-09-15T07:46:36+00:00\",\"description\":\"En esta etapa de la vida sufrimos un cambio frecuente y del que no se habla demasiado, p\u00e9rdida de cabello pero, Por que se cae el cabello en la menopausia?.\",\"breadcrumb\":{\"@id\":\"https:\\\/\\\/www.ideidermatologia.com\\\/noticias\\\/por-que-se-cae-el-cabello-en-la-menopausia\\\/#breadcrumb\"},\"inLanguage\":\"es\",\"potentialAction\":[{\"@type\":\"ReadAction\",\"target\":[\"https:\\\/\\\/www.ideidermatologia.com\\\/noticias\\\/por-que-se-cae-el-cabello-en-la-menopausia\\\/\"]}]},{\"@type\":\"ImageObject\",\"inLanguage\":\"es\",\"@id\":\"https:\\\/\\\/www.ideidermatologia.com\\\/noticias\\\/por-que-se-cae-el-cabello-en-la-menopausia\\\/#primaryimage\",\"url\":\"https:\\\/\\\/www.ideidermatologia.com\\\/noticias\\\/wp-content\\\/uploads\\\/2015\\\/06\\\/por-que-se-cae-el-cabello-en-la-menopausia.png\",\"contentUrl\":\"https:\\\/\\\/www.ideidermatologia.com\\\/noticias\\\/wp-content\\\/uploads\\\/2015\\\/06\\\/por-que-se-cae-el-cabello-en-la-menopausia.png\",\"width\":1490,\"height\":1235,\"caption\":\"por que se cae el cabello en la menopausia\"},{\"@type\":\"BreadcrumbList\",\"@id\":\"https:\\\/\\\/www.ideidermatologia.com\\\/noticias\\\/por-que-se-cae-el-cabello-en-la-menopausia\\\/#breadcrumb\",\"itemListElement\":[{\"@type\":\"ListItem\",\"position\":1,\"name\":\"Portada\",\"item\":\"https:\\\/\\\/www.ideidermatologia.com\\\/noticias\\\/\"},{\"@type\":\"ListItem\",\"position\":2,\"name\":\"Por qu\u00e9 se cae el cabello en la Menopausia?\"}]},{\"@type\":\"WebSite\",\"@id\":\"https:\\\/\\\/www.ideidermatologia.com\\\/noticias\\\/#website\",\"url\":\"https:\\\/\\\/www.ideidermatologia.com\\\/noticias\\\/\",\"name\":\"Dermatology Visual Blog\",\"description\":\"Dedicados a cuidar tu piel\",\"publisher\":{\"@id\":\"https:\\\/\\\/www.ideidermatologia.com\\\/noticias\\\/#organization\"},\"potentialAction\":[{\"@type\":\"SearchAction\",\"target\":{\"@type\":\"EntryPoint\",\"urlTemplate\":\"https:\\\/\\\/www.ideidermatologia.com\\\/noticias\\\/?s={search_term_string}\"},\"query-input\":{\"@type\":\"PropertyValueSpecification\",\"valueRequired\":true,\"valueName\":\"search_term_string\"}}],\"inLanguage\":\"es\"},{\"@type\":\"Organization\",\"@id\":\"https:\\\/\\\/www.ideidermatologia.com\\\/noticias\\\/#organization\",\"name\":\"IDEI\",\"url\":\"https:\\\/\\\/www.ideidermatologia.com\\\/noticias\\\/\",\"logo\":{\"@type\":\"ImageObject\",\"inLanguage\":\"es\",\"@id\":\"https:\\\/\\\/www.ideidermatologia.com\\\/noticias\\\/#\\\/schema\\\/logo\\\/image\\\/\",\"url\":\"https:\\\/\\\/www.ideidermatologia.com\\\/noticias\\\/wp-content\\\/uploads\\\/2024\\\/07\\\/logo-DVB-262x73-transformed.png\",\"contentUrl\":\"https:\\\/\\\/www.ideidermatologia.com\\\/noticias\\\/wp-content\\\/uploads\\\/2024\\\/07\\\/logo-DVB-262x73-transformed.png\",\"width\":1048,\"height\":292,\"caption\":\"IDEI\"},\"image\":{\"@id\":\"https:\\\/\\\/www.ideidermatologia.com\\\/noticias\\\/#\\\/schema\\\/logo\\\/image\\\/\"},\"sameAs\":[\"https:\\\/\\\/www.facebook.com\\\/pages\\\/IDEI-Cuidado-Facial\\\/1559067711026199?ref=hl\",\"https:\\\/\\\/x.com\\\/IDEI_Facial\"]},{\"@type\":\"Person\",\"@id\":\"https:\\\/\\\/www.ideidermatologia.com\\\/noticias\\\/#\\\/schema\\\/person\\\/43281bfaa301b08acbb37be995923296\",\"name\":\"Cl\u00ednica IDEI\",\"sameAs\":[\"http:\\\/\\\/ideidermatologia.com\",\"https:\\\/\\\/www.instagram.com\\\/idei_dermatologia\\\/\",\"https:\\\/\\\/x.com\\\/Admin\"]}]}<\/script>\n<!-- \/ Yoast SEO plugin. -->","yoast_head_json":{"title":"Por que se cae el cabello en la menopausia?","description":"En esta etapa de la vida sufrimos un cambio frecuente y del que no se habla demasiado, p\u00e9rdida de cabello pero, Por que se cae el cabello en la menopausia?.","robots":{"index":"index","follow":"follow","max-snippet":"max-snippet:-1","max-image-preview":"max-image-preview:large","max-video-preview":"max-video-preview:-1"},"canonical":"https:\/\/www.ideidermatologia.com\/noticias\/por-que-se-cae-el-cabello-en-la-menopausia\/","og_locale":"es_ES","og_type":"article","og_title":"Por que se cae el cabello en la menopausia?","og_description":"En esta etapa de la vida sufrimos un cambio frecuente y del que no se habla demasiado, p\u00e9rdida de cabello pero, Por que se cae el cabello en la menopausia?.","og_url":"https:\/\/www.ideidermatologia.com\/noticias\/por-que-se-cae-el-cabello-en-la-menopausia\/","og_site_name":"Dermatology Visual Blog","article_publisher":"https:\/\/www.facebook.com\/pages\/IDEI-Cuidado-Facial\/1559067711026199?ref=hl","article_published_time":"2015-06-25T18:50:17+00:00","article_modified_time":"2015-09-15T07:46:36+00:00","og_image":[{"width":1490,"height":1235,"url":"https:\/\/i2.wp.com\/dermatologyvisualblog.com\/wp-content\/uploads\/2015\/06\/por-que-se-cae-el-cabello-en-la-menopausia.png?fit=1490%2C1235&ssl=1","type":"image\/png"}],"author":"Cl\u00ednica IDEI","twitter_card":"summary_large_image","twitter_creator":"@Admin","twitter_site":"@IDEI_Facial","twitter_misc":{"Escrito por":"Cl\u00ednica IDEI","Tiempo de lectura":"4 minutos"},"schema":{"@context":"https:\/\/schema.org","@graph":[{"@type":"Article","@id":"https:\/\/www.ideidermatologia.com\/noticias\/por-que-se-cae-el-cabello-en-la-menopausia\/#article","isPartOf":{"@id":"https:\/\/www.ideidermatologia.com\/noticias\/por-que-se-cae-el-cabello-en-la-menopausia\/"},"author":{"name":"Cl\u00ednica IDEI","@id":"https:\/\/www.ideidermatologia.com\/noticias\/#\/schema\/person\/43281bfaa301b08acbb37be995923296"},"headline":"Por qu\u00e9 se cae el cabello en la Menopausia?","datePublished":"2015-06-25T18:50:17+00:00","dateModified":"2015-09-15T07:46:36+00:00","mainEntityOfPage":{"@id":"https:\/\/www.ideidermatologia.com\/noticias\/por-que-se-cae-el-cabello-en-la-menopausia\/"},"wordCount":775,"commentCount":1,"publisher":{"@id":"https:\/\/www.ideidermatologia.com\/noticias\/#organization"},"image":{"@id":"https:\/\/www.ideidermatologia.com\/noticias\/por-que-se-cae-el-cabello-en-la-menopausia\/#primaryimage"},"thumbnailUrl":"https:\/\/www.ideidermatologia.com\/noticias\/wp-content\/uploads\/2015\/06\/por-que-se-cae-el-cabello-en-la-menopausia.png","keywords":["alopecia","alopecia androgen\u00e9tica","alopecia en mujeres","cabello y menopausia","menopausia"],"articleSection":["Alopecia","Caida del cabello","Capilar"],"inLanguage":"es"},{"@type":"WebPage","@id":"https:\/\/www.ideidermatologia.com\/noticias\/por-que-se-cae-el-cabello-en-la-menopausia\/","url":"https:\/\/www.ideidermatologia.com\/noticias\/por-que-se-cae-el-cabello-en-la-menopausia\/","name":"Por que se cae el cabello en la menopausia?","isPartOf":{"@id":"https:\/\/www.ideidermatologia.com\/noticias\/#website"},"primaryImageOfPage":{"@id":"https:\/\/www.ideidermatologia.com\/noticias\/por-que-se-cae-el-cabello-en-la-menopausia\/#primaryimage"},"image":{"@id":"https:\/\/www.ideidermatologia.com\/noticias\/por-que-se-cae-el-cabello-en-la-menopausia\/#primaryimage"},"thumbnailUrl":"https:\/\/www.ideidermatologia.com\/noticias\/wp-content\/uploads\/2015\/06\/por-que-se-cae-el-cabello-en-la-menopausia.png","datePublished":"2015-06-25T18:50:17+00:00","dateModified":"2015-09-15T07:46:36+00:00","description":"En esta etapa de la vida sufrimos un cambio frecuente y del que no se habla demasiado, p\u00e9rdida de cabello pero, Por que se cae el cabello en la menopausia?.","breadcrumb":{"@id":"https:\/\/www.ideidermatologia.com\/noticias\/por-que-se-cae-el-cabello-en-la-menopausia\/#breadcrumb"},"inLanguage":"es","potentialAction":[{"@type":"ReadAction","target":["https:\/\/www.ideidermatologia.com\/noticias\/por-que-se-cae-el-cabello-en-la-menopausia\/"]}]},{"@type":"ImageObject","inLanguage":"es","@id":"https:\/\/www.ideidermatologia.com\/noticias\/por-que-se-cae-el-cabello-en-la-menopausia\/#primaryimage","url":"https:\/\/www.ideidermatologia.com\/noticias\/wp-content\/uploads\/2015\/06\/por-que-se-cae-el-cabello-en-la-menopausia.png","contentUrl":"https:\/\/www.ideidermatologia.com\/noticias\/wp-content\/uploads\/2015\/06\/por-que-se-cae-el-cabello-en-la-menopausia.png","width":1490,"height":1235,"caption":"por que se cae el cabello en la menopausia"},{"@type":"BreadcrumbList","@id":"https:\/\/www.ideidermatologia.com\/noticias\/por-que-se-cae-el-cabello-en-la-menopausia\/#breadcrumb","itemListElement":[{"@type":"ListItem","position":1,"name":"Portada","item":"https:\/\/www.ideidermatologia.com\/noticias\/"},{"@type":"ListItem","position":2,"name":"Por qu\u00e9 se cae el cabello en la Menopausia?"}]},{"@type":"WebSite","@id":"https:\/\/www.ideidermatologia.com\/noticias\/#website","url":"https:\/\/www.ideidermatologia.com\/noticias\/","name":"Dermatology Visual Blog","description":"Dedicados a cuidar tu piel","publisher":{"@id":"https:\/\/www.ideidermatologia.com\/noticias\/#organization"},"potentialAction":[{"@type":"SearchAction","target":{"@type":"EntryPoint","urlTemplate":"https:\/\/www.ideidermatologia.com\/noticias\/?s={search_term_string}"},"query-input":{"@type":"PropertyValueSpecification","valueRequired":true,"valueName":"search_term_string"}}],"inLanguage":"es"},{"@type":"Organization","@id":"https:\/\/www.ideidermatologia.com\/noticias\/#organization","name":"IDEI","url":"https:\/\/www.ideidermatologia.com\/noticias\/","logo":{"@type":"ImageObject","inLanguage":"es","@id":"https:\/\/www.ideidermatologia.com\/noticias\/#\/schema\/logo\/image\/","url":"https:\/\/www.ideidermatologia.com\/noticias\/wp-content\/uploads\/2024\/07\/logo-DVB-262x73-transformed.png","contentUrl":"https:\/\/www.ideidermatologia.com\/noticias\/wp-content\/uploads\/2024\/07\/logo-DVB-262x73-transformed.png","width":1048,"height":292,"caption":"IDEI"},"image":{"@id":"https:\/\/www.ideidermatologia.com\/noticias\/#\/schema\/logo\/image\/"},"sameAs":["https:\/\/www.facebook.com\/pages\/IDEI-Cuidado-Facial\/1559067711026199?ref=hl","https:\/\/x.com\/IDEI_Facial"]},{"@type":"Person","@id":"https:\/\/www.ideidermatologia.com\/noticias\/#\/schema\/person\/43281bfaa301b08acbb37be995923296","name":"Cl\u00ednica IDEI","sameAs":["http:\/\/ideidermatologia.com","https:\/\/www.instagram.com\/idei_dermatologia\/","https:\/\/x.com\/Admin"]}]}},"_links":{"self":[{"href":"https:\/\/www.ideidermatologia.com\/noticias\/wp-json\/wp\/v2\/posts\/384","targetHints":{"allow":["GET"]}}],"collection":[{"href":"https:\/\/www.ideidermatologia.com\/noticias\/wp-json\/wp\/v2\/posts"}],"about":[{"href":"https:\/\/www.ideidermatologia.com\/noticias\/wp-json\/wp\/v2\/types\/post"}],"author":[{"embeddable":true,"href":"https:\/\/www.ideidermatologia.com\/noticias\/wp-json\/wp\/v2\/users\/1"}],"replies":[{"embeddable":true,"href":"https:\/\/www.ideidermatologia.com\/noticias\/wp-json\/wp\/v2\/comments?post=384"}],"version-history":[{"count":0,"href":"https:\/\/www.ideidermatologia.com\/noticias\/wp-json\/wp\/v2\/posts\/384\/revisions"}],"wp:featuredmedia":[{"embeddable":true,"href":"https:\/\/www.ideidermatologia.com\/noticias\/wp-json\/wp\/v2\/media\/387"}],"wp:attachment":[{"href":"https:\/\/www.ideidermatologia.com\/noticias\/wp-json\/wp\/v2\/media?parent=384"}],"wp:term":[{"taxonomy":"category","embeddable":true,"href":"https:\/\/www.ideidermatologia.com\/noticias\/wp-json\/wp\/v2\/categories?post=384"},{"taxonomy":"post_tag","embeddable":true,"href":"https:\/\/www.ideidermatologia.com\/noticias\/wp-json\/wp\/v2\/tags?post=384"}],"curies":[{"name":"wp","href":"https:\/\/api.w.org\/{rel}","templated":true}]}}