{"id":323,"date":"2015-06-11T23:17:46","date_gmt":"2015-06-11T21:17:46","guid":{"rendered":"https:\/\/www.ideidermatologia.com\/noticias\/?p=323"},"modified":"2015-07-24T19:17:53","modified_gmt":"2015-07-24T17:17:53","slug":"fotoenvejecimiento-versus-fotoproteccion","status":"publish","type":"post","link":"https:\/\/www.ideidermatologia.com\/noticias\/fotoenvejecimiento-versus-fotoproteccion\/","title":{"rendered":"Fotoenvejecimiento versus Fotoprotecci\u00f3n"},"content":{"rendered":"<p>&nbsp;<\/p>\n<p>Llega el verano y las largas exposiciones al sol en playa y piscinas est\u00e1n a la vuelta de la esquina. A todos nos encanta lucir ese favorecedor tono dorado que nos proporciona el sol cuando llega el buen tiempo.<\/p>\n<h2><span style=\"color: #00969e;\">Sin embargo, son cada vez m\u00e1s las noticias y estudios que nos intentan <strong>concienciar de los riesgos, cada vez mayores, que entra\u00f1a la exposici\u00f3n prolongada y sin la adecuada protecci\u00f3n a la exposici\u00f3n solar y su relaci\u00f3n directa con los procesos de envejecimiento cut\u00e1neo (denominado por los dermat\u00f3logos Fotoenvejecimiento)<\/strong><\/span><\/h2>\n<p>&nbsp;<\/p>\n<p>Cuando hablamos de <strong>envejecimiento cut\u00e1neo<\/strong> nos estamos refiriendo a dos tipos:<\/p>\n<h4><span style=\"color: #000000;\"><strong>El envejecimiento intr\u00ednseco<\/strong>:<\/span> es de origen gen\u00e9tico. Se trata de un fen\u00f3meno natural que afecta todos los \u00f3rganos, consiste en los cambios fisiol\u00f3gicos e histol\u00f3gicos que ocurren en la piel. Desde el punto de vista cl\u00ednico afecta a las capas profundas de la piel que envejece envejecimiento las fibras el\u00e1sticas y col\u00e1genas.<\/h4>\n<h4><span style=\"color: #00969e;\"><span style=\"color: #000000;\"><strong>El envejecimiento extr\u00ednseco:<\/strong><\/span>\u00a0<\/span>conjunto de factores que aceleran el envejecimiento natural como los rayos UV, carencias hormonales, el tabaco, alimentaci\u00f3n inadecuada entre otros.<\/h4>\n<p>&nbsp;<\/p>\n<p>Nuestro experto, el Dr. Miguel S\u00e1nchez Viera, director del IDEI comenta en<strong><span style=\"color: #00969e;\"> <a style=\"color: #00969e;\" href=\"http:\/\/www.marie-claire.es\/belleza\/consejos-belleza\/articulo\/actua-contra-el-envejecimiento-prematuro-de-la-piel-241433925515\" target=\"_blank\">el reportaje de la Revista MarieClaire<\/a><\/span><\/strong><\/p>\n<blockquote>\n<h3><span style=\"color: #00969e;\">\u201cEstamos asistiendo a un <strong>crecimiento exponencial del c\u00e1ncer de piel<\/strong>\u201d.\u00a0\u201c<strong>Cada a\u00f1o que pasa aumenta aproximadamente un diez por ciento<\/strong>, lo que supone que desde 2010 el crecimiento ha sido de casi un cuarenta por ciento. <strong>Lo m\u00e1s alarmante es que en la gran mayor\u00eda de los casos se puede prevenir<\/strong>\u201d, afirma el experto.<\/span><\/h3>\n<\/blockquote>\n<p>Y es que la continua exposici\u00f3n al sol sin la protecci\u00f3n adecuada es el principal causante del c\u00e1ncer de piel, tanto melanoma como no melanoma, algo que tambi\u00e9n sucede con el <span style=\"color: #000000;\"><strong>envejecimiento prematuro de la dermis<\/strong>.<\/span> Los radicales libres, provocados por los rayos ultravioleta, son los responsables de que suframos oxidaci\u00f3n celular, lo que provoca la aparici\u00f3n de arrugas, manchas y deshidrataci\u00f3n, as\u00ed como p\u00e9rdida de luminosidad y firmeza. Todo ello aporta a la piel de nuestro\u00a0rostro<a href=\"http:\/\/www.marie-claire.es\/belleza\/cara\">\u00a0<\/a>y nuestro\u00a0cuerpo\u00a0un aspecto envejecido, haciendo que se aparente m\u00e1s edad de la que se tiene realmente.<\/p>\n<p>&nbsp;<\/p>\n<figure id=\"attachment_327\" aria-describedby=\"caption-attachment-327\" style=\"width: 800px\" class=\"wp-caption aligncenter\"><a href=\"https:\/\/www.ideidermatologia.com\/noticias\/wp-content\/uploads\/2015\/06\/2.png\"><img fetchpriority=\"high\" decoding=\"async\" class=\"wp-image-327 size-full\" src=\"https:\/\/www.ideidermatologia.com\/noticias\/wp-content\/uploads\/2015\/06\/2.png\" alt=\"Fotografia Pinterest\" width=\"800\" height=\"800\" srcset=\"https:\/\/www.ideidermatologia.com\/noticias\/wp-content\/uploads\/2015\/06\/2.png 800w, https:\/\/www.ideidermatologia.com\/noticias\/wp-content\/uploads\/2015\/06\/2-150x150.png 150w, https:\/\/www.ideidermatologia.com\/noticias\/wp-content\/uploads\/2015\/06\/2-300x300.png 300w, https:\/\/www.ideidermatologia.com\/noticias\/wp-content\/uploads\/2015\/06\/2-125x125.png 125w\" sizes=\"(max-width: 800px) 100vw, 800px\" \/><\/a><figcaption id=\"caption-attachment-327\" class=\"wp-caption-text\">Fotografia Pinterest<\/figcaption><\/figure>\n<p>&nbsp;<\/p>\n<p>La radiaci\u00f3n ultravioleta produce fibras de col\u00e1geno rotas, es la <span style=\"color: #000000;\"><strong>temida elastosis producida por una excesiva exposici\u00f3n a la radiaci\u00f3n solar.<\/strong><\/span><\/p>\n<blockquote>\n<h3><span style=\"color: #00969e;\">M\u00e1s del 80% de nuestro envejecimiento cut\u00e1neo es producido por un exceso de radiaci\u00f3n solar. Nuestra piel solo envejecer\u00eda un 20% si no abus\u00e1ramos del sol.<\/span><\/h3>\n<\/blockquote>\n<p>Los cambios visibles del fotoenvejecimiento en la piel son, entre otros:<\/p>\n<ul>\n<li>Engrosamiento de la piel.<\/li>\n<li>Aparici\u00f3n de arrugas.<\/li>\n<li>Cambios en la coloraci\u00f3n y manchas tipo melasma.<\/li>\n<li>Pigmentaci\u00f3n irregular en forma moteada.<\/li>\n<li>L\u00e9ntigos.<\/li>\n<li>Telangiectasias y p\u00farpuras.<\/li>\n<li>Queratosis act\u00ednicas.<\/li>\n<li>Y puede desembocar incluso en carcinoma basocelular y escamocelular y melanoma.<\/li>\n<\/ul>\n<p>&nbsp;<\/p>\n<p>Tres\u00a0Recomendaciones para prevenir el fortoenvejecimiento<\/p>\n<p>&nbsp;<\/p>\n<p>La <strong>primera<\/strong> y m\u00e1s importante es reducir el tiempo de exposici\u00f3n solar y por supuesto siempre con protecci\u00f3n. La gama de protectores solares de nueva generaci\u00f3n es una garant\u00eda de protecci\u00f3n. Entre los m\u00e1s novedosos destacamos:<\/p>\n<p>La <strong>segunda<\/strong>, el uso de productos como la <strong>axtasantina,\u00a0<\/strong>principio activo que previene y\u00a0retrasa los efectos adversos del fotoenvejecimiento y la agresividad de los c\u00e1nceres de piel producidos por la Radiaci\u00f3n Ultravioleta tipo A (RUVA).\u00a0Se recomienda 1 dosis diaria 2 o 3 meses antes de iniciar la exposici\u00f3n solar intensa<\/p>\n<p>Uso de fotoprotectores solares de nueva generaci\u00f3n:<\/p>\n<p>&nbsp;<\/p>\n<div id='gallery-1' class='gallery galleryid-323 gallery-columns-3 gallery-size-medium'><figure class='gallery-item'>\n\t\t\t<div class='gallery-icon portrait'>\n\t\t\t\t<a href='https:\/\/www.ideidermatologia.com\/noticias\/fotoenvejecimiento-versus-fotoproteccion\/650_1200-fotoprotector-isdin\/'><img decoding=\"async\" width=\"236\" height=\"300\" src=\"https:\/\/www.ideidermatologia.com\/noticias\/wp-content\/uploads\/2015\/06\/650_1200-fotoprotector-isdin-236x300.jpg\" class=\"attachment-medium size-medium\" alt=\"\" aria-describedby=\"gallery-1-330\" srcset=\"https:\/\/www.ideidermatologia.com\/noticias\/wp-content\/uploads\/2015\/06\/650_1200-fotoprotector-isdin-236x300.jpg 236w, https:\/\/www.ideidermatologia.com\/noticias\/wp-content\/uploads\/2015\/06\/650_1200-fotoprotector-isdin.jpg 560w\" sizes=\"(max-width: 236px) 100vw, 236px\" \/><\/a>\n\t\t\t<\/div>\n\t\t\t\t<figcaption class='wp-caption-text gallery-caption' id='gallery-1-330'>\n\t\t\t\tFotoprotector en Aceite SPF 30 Isdin Aceite hidratante con acabado seco. \n\t\t\t\t<\/figcaption><\/figure><figure class='gallery-item'>\n\t\t\t<div class='gallery-icon portrait'>\n\t\t\t\t<a href='https:\/\/www.ideidermatologia.com\/noticias\/fotoenvejecimiento-versus-fotoproteccion\/650_1200-lancanster-sun\/'><img decoding=\"async\" width=\"222\" height=\"300\" src=\"https:\/\/www.ideidermatologia.com\/noticias\/wp-content\/uploads\/2015\/06\/650_1200-lancanster-sun-222x300.jpg\" class=\"attachment-medium size-medium\" alt=\"\" aria-describedby=\"gallery-1-331\" srcset=\"https:\/\/www.ideidermatologia.com\/noticias\/wp-content\/uploads\/2015\/06\/650_1200-lancanster-sun-222x300.jpg 222w, https:\/\/www.ideidermatologia.com\/noticias\/wp-content\/uploads\/2015\/06\/650_1200-lancanster-sun.jpg 560w\" sizes=\"(max-width: 222px) 100vw, 222px\" \/><\/a>\n\t\t\t<\/div>\n\t\t\t\t<figcaption class='wp-caption-text gallery-caption' id='gallery-1-331'>\n\t\t\t\tAceite Seco Acelerador del Bronceado SPF 50 de Lancaster Todo un descubrimiento en una formulaci\u00f3n que combina el placer del bronceado con una m\u00e1xima seguridad. Lancaster presenta Sun Beauty Fast Tan Optimizer, un potenciador de belleza, un aceite sin alcohol, que incluye la protecci\u00f3n anti-infrarrojos y el Complejo Activador del Bronceado perfeccionado.\n\t\t\t\t<\/figcaption><\/figure><figure class='gallery-item'>\n\t\t\t<div class='gallery-icon landscape'>\n\t\t\t\t<a href='https:\/\/www.ideidermatologia.com\/noticias\/fotoenvejecimiento-versus-fotoproteccion\/anthelios-unificante\/'><img loading=\"lazy\" decoding=\"async\" width=\"300\" height=\"300\" src=\"https:\/\/www.ideidermatologia.com\/noticias\/wp-content\/uploads\/2015\/06\/anthelios-unificante-300x300.jpg\" class=\"attachment-medium size-medium\" alt=\"\" aria-describedby=\"gallery-1-332\" srcset=\"https:\/\/www.ideidermatologia.com\/noticias\/wp-content\/uploads\/2015\/06\/anthelios-unificante-300x300.jpg 300w, https:\/\/www.ideidermatologia.com\/noticias\/wp-content\/uploads\/2015\/06\/anthelios-unificante-150x150.jpg 150w, https:\/\/www.ideidermatologia.com\/noticias\/wp-content\/uploads\/2015\/06\/anthelios-unificante-125x125.jpg 125w, https:\/\/www.ideidermatologia.com\/noticias\/wp-content\/uploads\/2015\/06\/anthelios-unificante.jpg 330w\" sizes=\"(max-width: 300px) 100vw, 300px\" \/><\/a>\n\t\t\t<\/div>\n\t\t\t\t<figcaption class='wp-caption-text gallery-caption' id='gallery-1-332'>\n\t\t\t\tAlta protecci\u00f3n UVA\/UVB, de amplio espectro y fotoestable.\nProtecci\u00f3n SPF 50 \n\t\t\t\t<\/figcaption><\/figure><figure class='gallery-item'>\n\t\t\t<div class='gallery-icon portrait'>\n\t\t\t\t<a href='https:\/\/www.ideidermatologia.com\/noticias\/fotoenvejecimiento-versus-fotoproteccion\/autobronceadora-hidratante\/'><img loading=\"lazy\" decoding=\"async\" width=\"248\" height=\"300\" src=\"https:\/\/www.ideidermatologia.com\/noticias\/wp-content\/uploads\/2015\/06\/autobronceadora-hidratante-248x300.png\" class=\"attachment-medium size-medium\" alt=\"\" aria-describedby=\"gallery-1-334\" srcset=\"https:\/\/www.ideidermatologia.com\/noticias\/wp-content\/uploads\/2015\/06\/autobronceadora-hidratante-248x300.png 248w, https:\/\/www.ideidermatologia.com\/noticias\/wp-content\/uploads\/2015\/06\/autobronceadora-hidratante.png 380w\" sizes=\"(max-width: 248px) 100vw, 248px\" \/><\/a>\n\t\t\t<\/div>\n\t\t\t\t<figcaption class='wp-caption-text gallery-caption' id='gallery-1-334'>\n\t\t\t\tProporciona a la piel sensible un tono uniforme y natural.\nHipoalerg\u00e9nico y no comedog\u00e9nico.\nSin parabenos.\n\n\t\t\t\t<\/figcaption><\/figure>\n\t\t<\/div>\n\n<p>&nbsp;<\/p>\n<p><strong>La tercera<\/strong>, basada en la Protecci\u00f3n de nuestra piel con tratamientos dirigidos al <strong>rejuvenecimiento facial<\/strong><\/p>\n<p>Entre ellos, el <strong>Dr. S\u00e1nchez Viera, dermat\u00f3logo y Director del IDEI<\/strong> nos recomienda darse una sesi\u00f3n de un <strong>tratamiento de bioestimulaci\u00f3n<\/strong> con principios activos como el <strong>\u00e1<a href=\"https:\/\/www.ideidermatologia.com\/noticias\/skinbooster-lo-ultimo-en-rejuvenecimiento\/\">cido hialur\u00f3nico<\/a>, la<\/strong><a href=\"http:\/\/www.ideidermatologia.com\/estetica\/facial\/flacidez-tratamientos\/estimuladores-del-colageno.html\" target=\"_blank\"><strong> hidroxiapatita c\u00e1lcica<\/strong> <\/a>y oligoelementos. Con este proceso, se aportan las vitaminas y oligoelementos necesarios para pasar los meses de verano mediante infiltraciones en el rostro, en el cuello, en el escote y en las manos.<\/p>\n<p>Sus efectos sobre nuestra piel<\/p>\n<ol>\n<li><strong> Aumento de col\u00e1geno:<\/strong>el cual protege e hidrata la dermis.<\/li>\n<li><strong> Extra de vitaminas:<\/strong>de esta manera se protege la piel de las radiaciones solares.<\/li>\n<li><strong>Extra de antioxidantes:<\/strong>aportan luminosidad y brillo al rostro.<\/li>\n<\/ol>\n<p>&nbsp;<\/p>\n<blockquote>\n<h3>La recomendaci\u00f3n final del Dr. S\u00e1nchez Viera es la siguiente: \u201cSi los pacientes tomaran las medidas preventivas necesarias y acudieran peri\u00f3dicamente al dermat\u00f3logo para una revisi\u00f3n, se detectar\u00eda precozmente un posible caso de c\u00e1ncer de piel, y podr\u00edamos tratarlo correctamente desde el primer momento\u201d,<\/h3>\n<\/blockquote>\n","protected":false},"excerpt":{"rendered":"<p>&nbsp; Llega el verano y las largas exposiciones al sol en playa y piscinas est\u00e1n a la vuelta de la esquina. A todos nos encanta lucir ese favorecedor tono dorado que nos proporciona el sol cuando llega el buen tiempo. Sin embargo, son cada vez m\u00e1s las noticias y estudios que nos intentan concienciar de [&hellip;]<\/p>\n","protected":false},"author":1,"featured_media":47,"comment_status":"open","ping_status":"open","sticky":false,"template":"","format":"standard","meta":{"footnotes":""},"categories":[6,5,43,4],"tags":[58,55,56,57,18],"class_list":["post-323","post","type-post","status-publish","format-standard","has-post-thumbnail","hentry","category-cosmetica-facial","category-cuidado-de-la-piel","category-news-facial","category-rejuvenecimiento","tag-bioestimulacion-estetica","tag-fotoenvenjecimiento","tag-fotoprotectores","tag-los-mejores-protectores-solares","tag-rejuvenecimiento"],"yoast_head":"<!-- This site is optimized with the Yoast SEO plugin v28.3 - https:\/\/yoast.com\/product\/yoast-seo-wordpress\/ -->\n<title>Fotoenvejecimiento versus Fotoprotecci\u00f3n<\/title>\n<meta name=\"description\" content=\"son cada vez m\u00e1s las noticias y estudios que nos intentan concienciar de los riesgos, cada vez mayores, que entra\u00f1a la exposici\u00f3n prolongada y sin la adecuada protecci\u00f3n a la exposici\u00f3n solar y su relaci\u00f3n directa con los procesos de envejecimiento cut\u00e1neo (denominado por los dermat\u00f3logos Fotoenvejecimiento)\" \/>\n<meta name=\"robots\" content=\"index, follow, max-snippet:-1, max-image-preview:large, max-video-preview:-1\" \/>\n<link rel=\"canonical\" href=\"https:\/\/www.ideidermatologia.com\/noticias\/fotoenvejecimiento-versus-fotoproteccion\/\" \/>\n<meta property=\"og:locale\" content=\"es_ES\" \/>\n<meta property=\"og:type\" content=\"article\" \/>\n<meta property=\"og:title\" content=\"Fotoenvejecimiento versus Fotoprotecci\u00f3n\" \/>\n<meta property=\"og:description\" content=\"son cada vez m\u00e1s las noticias y estudios que nos intentan concienciar de los riesgos, cada vez mayores, que entra\u00f1a la exposici\u00f3n prolongada y sin la adecuada protecci\u00f3n a la exposici\u00f3n solar y su relaci\u00f3n directa con los procesos de envejecimiento cut\u00e1neo (denominado por los dermat\u00f3logos Fotoenvejecimiento)\" \/>\n<meta property=\"og:url\" content=\"https:\/\/www.ideidermatologia.com\/noticias\/fotoenvejecimiento-versus-fotoproteccion\/\" \/>\n<meta property=\"og:site_name\" content=\"Dermatology Visual Blog\" \/>\n<meta property=\"article:publisher\" content=\"https:\/\/www.facebook.com\/pages\/IDEI-Cuidado-Facial\/1559067711026199?ref=hl\" \/>\n<meta property=\"article:published_time\" content=\"2015-06-11T21:17:46+00:00\" \/>\n<meta property=\"article:modified_time\" content=\"2015-07-24T17:17:53+00:00\" \/>\n<meta property=\"og:image\" content=\"https:\/\/i1.wp.com\/dermatologyvisualblog.com\/wp-content\/uploads\/2015\/04\/5.png?fit=1490%2C1235&ssl=1\" \/>\n\t<meta property=\"og:image:width\" content=\"1490\" \/>\n\t<meta property=\"og:image:height\" content=\"1235\" \/>\n\t<meta property=\"og:image:type\" content=\"image\/png\" \/>\n<meta name=\"author\" content=\"Cl\u00ednica IDEI\" \/>\n<meta name=\"twitter:card\" content=\"summary_large_image\" \/>\n<meta name=\"twitter:creator\" content=\"@Admin\" \/>\n<meta name=\"twitter:site\" content=\"@IDEI_Facial\" \/>\n<meta name=\"twitter:label1\" content=\"Escrito por\" \/>\n\t<meta name=\"twitter:data1\" content=\"Cl\u00ednica IDEI\" \/>\n\t<meta name=\"twitter:label2\" content=\"Tiempo de lectura\" \/>\n\t<meta name=\"twitter:data2\" content=\"4 minutos\" \/>\n<script type=\"application\/ld+json\" class=\"yoast-schema-graph\">{\"@context\":\"https:\\\/\\\/schema.org\",\"@graph\":[{\"@type\":\"Article\",\"@id\":\"https:\\\/\\\/www.ideidermatologia.com\\\/noticias\\\/fotoenvejecimiento-versus-fotoproteccion\\\/#article\",\"isPartOf\":{\"@id\":\"https:\\\/\\\/www.ideidermatologia.com\\\/noticias\\\/fotoenvejecimiento-versus-fotoproteccion\\\/\"},\"author\":{\"name\":\"Cl\u00ednica IDEI\",\"@id\":\"https:\\\/\\\/www.ideidermatologia.com\\\/noticias\\\/#\\\/schema\\\/person\\\/43281bfaa301b08acbb37be995923296\"},\"headline\":\"Fotoenvejecimiento versus Fotoprotecci\u00f3n\",\"datePublished\":\"2015-06-11T21:17:46+00:00\",\"dateModified\":\"2015-07-24T17:17:53+00:00\",\"mainEntityOfPage\":{\"@id\":\"https:\\\/\\\/www.ideidermatologia.com\\\/noticias\\\/fotoenvejecimiento-versus-fotoproteccion\\\/\"},\"wordCount\":798,\"commentCount\":1,\"publisher\":{\"@id\":\"https:\\\/\\\/www.ideidermatologia.com\\\/noticias\\\/#organization\"},\"image\":{\"@id\":\"https:\\\/\\\/www.ideidermatologia.com\\\/noticias\\\/fotoenvejecimiento-versus-fotoproteccion\\\/#primaryimage\"},\"thumbnailUrl\":\"https:\\\/\\\/www.ideidermatologia.com\\\/noticias\\\/wp-content\\\/uploads\\\/2015\\\/04\\\/5.png\",\"keywords\":[\"bioestimulaci\u00f3n est\u00e9tica\",\"fotoenvenjecimiento\",\"fotoprotectores\",\"los mejores protectores solares\",\"rejuvenecimiento\"],\"articleSection\":[\"Cosm\u00e9tica Facial\",\"Cuidado de la Piel\",\"Facial\",\"Rejuvenecimiento\"],\"inLanguage\":\"es\"},{\"@type\":\"WebPage\",\"@id\":\"https:\\\/\\\/www.ideidermatologia.com\\\/noticias\\\/fotoenvejecimiento-versus-fotoproteccion\\\/\",\"url\":\"https:\\\/\\\/www.ideidermatologia.com\\\/noticias\\\/fotoenvejecimiento-versus-fotoproteccion\\\/\",\"name\":\"Fotoenvejecimiento versus Fotoprotecci\u00f3n\",\"isPartOf\":{\"@id\":\"https:\\\/\\\/www.ideidermatologia.com\\\/noticias\\\/#website\"},\"primaryImageOfPage\":{\"@id\":\"https:\\\/\\\/www.ideidermatologia.com\\\/noticias\\\/fotoenvejecimiento-versus-fotoproteccion\\\/#primaryimage\"},\"image\":{\"@id\":\"https:\\\/\\\/www.ideidermatologia.com\\\/noticias\\\/fotoenvejecimiento-versus-fotoproteccion\\\/#primaryimage\"},\"thumbnailUrl\":\"https:\\\/\\\/www.ideidermatologia.com\\\/noticias\\\/wp-content\\\/uploads\\\/2015\\\/04\\\/5.png\",\"datePublished\":\"2015-06-11T21:17:46+00:00\",\"dateModified\":\"2015-07-24T17:17:53+00:00\",\"description\":\"son cada vez m\u00e1s las noticias y estudios que nos intentan concienciar de los riesgos, cada vez mayores, que entra\u00f1a la exposici\u00f3n prolongada y sin la adecuada protecci\u00f3n a la exposici\u00f3n solar y su relaci\u00f3n directa con los procesos de envejecimiento cut\u00e1neo (denominado por los dermat\u00f3logos Fotoenvejecimiento)\",\"breadcrumb\":{\"@id\":\"https:\\\/\\\/www.ideidermatologia.com\\\/noticias\\\/fotoenvejecimiento-versus-fotoproteccion\\\/#breadcrumb\"},\"inLanguage\":\"es\",\"potentialAction\":[{\"@type\":\"ReadAction\",\"target\":[\"https:\\\/\\\/www.ideidermatologia.com\\\/noticias\\\/fotoenvejecimiento-versus-fotoproteccion\\\/\"]}]},{\"@type\":\"ImageObject\",\"inLanguage\":\"es\",\"@id\":\"https:\\\/\\\/www.ideidermatologia.com\\\/noticias\\\/fotoenvejecimiento-versus-fotoproteccion\\\/#primaryimage\",\"url\":\"https:\\\/\\\/www.ideidermatologia.com\\\/noticias\\\/wp-content\\\/uploads\\\/2015\\\/04\\\/5.png\",\"contentUrl\":\"https:\\\/\\\/www.ideidermatologia.com\\\/noticias\\\/wp-content\\\/uploads\\\/2015\\\/04\\\/5.png\",\"width\":1490,\"height\":1235},{\"@type\":\"BreadcrumbList\",\"@id\":\"https:\\\/\\\/www.ideidermatologia.com\\\/noticias\\\/fotoenvejecimiento-versus-fotoproteccion\\\/#breadcrumb\",\"itemListElement\":[{\"@type\":\"ListItem\",\"position\":1,\"name\":\"Portada\",\"item\":\"https:\\\/\\\/www.ideidermatologia.com\\\/noticias\\\/\"},{\"@type\":\"ListItem\",\"position\":2,\"name\":\"Fotoenvejecimiento versus Fotoprotecci\u00f3n\"}]},{\"@type\":\"WebSite\",\"@id\":\"https:\\\/\\\/www.ideidermatologia.com\\\/noticias\\\/#website\",\"url\":\"https:\\\/\\\/www.ideidermatologia.com\\\/noticias\\\/\",\"name\":\"Dermatology Visual Blog\",\"description\":\"Dedicados a cuidar tu piel\",\"publisher\":{\"@id\":\"https:\\\/\\\/www.ideidermatologia.com\\\/noticias\\\/#organization\"},\"potentialAction\":[{\"@type\":\"SearchAction\",\"target\":{\"@type\":\"EntryPoint\",\"urlTemplate\":\"https:\\\/\\\/www.ideidermatologia.com\\\/noticias\\\/?s={search_term_string}\"},\"query-input\":{\"@type\":\"PropertyValueSpecification\",\"valueRequired\":true,\"valueName\":\"search_term_string\"}}],\"inLanguage\":\"es\"},{\"@type\":\"Organization\",\"@id\":\"https:\\\/\\\/www.ideidermatologia.com\\\/noticias\\\/#organization\",\"name\":\"IDEI\",\"url\":\"https:\\\/\\\/www.ideidermatologia.com\\\/noticias\\\/\",\"logo\":{\"@type\":\"ImageObject\",\"inLanguage\":\"es\",\"@id\":\"https:\\\/\\\/www.ideidermatologia.com\\\/noticias\\\/#\\\/schema\\\/logo\\\/image\\\/\",\"url\":\"https:\\\/\\\/www.ideidermatologia.com\\\/noticias\\\/wp-content\\\/uploads\\\/2024\\\/07\\\/logo-DVB-262x73-transformed.png\",\"contentUrl\":\"https:\\\/\\\/www.ideidermatologia.com\\\/noticias\\\/wp-content\\\/uploads\\\/2024\\\/07\\\/logo-DVB-262x73-transformed.png\",\"width\":1048,\"height\":292,\"caption\":\"IDEI\"},\"image\":{\"@id\":\"https:\\\/\\\/www.ideidermatologia.com\\\/noticias\\\/#\\\/schema\\\/logo\\\/image\\\/\"},\"sameAs\":[\"https:\\\/\\\/www.facebook.com\\\/pages\\\/IDEI-Cuidado-Facial\\\/1559067711026199?ref=hl\",\"https:\\\/\\\/x.com\\\/IDEI_Facial\"]},{\"@type\":\"Person\",\"@id\":\"https:\\\/\\\/www.ideidermatologia.com\\\/noticias\\\/#\\\/schema\\\/person\\\/43281bfaa301b08acbb37be995923296\",\"name\":\"Cl\u00ednica IDEI\",\"sameAs\":[\"http:\\\/\\\/ideidermatologia.com\",\"https:\\\/\\\/www.instagram.com\\\/idei_dermatologia\\\/\",\"https:\\\/\\\/x.com\\\/Admin\"]}]}<\/script>\n<!-- \/ Yoast SEO plugin. -->","yoast_head_json":{"title":"Fotoenvejecimiento versus Fotoprotecci\u00f3n","description":"son cada vez m\u00e1s las noticias y estudios que nos intentan concienciar de los riesgos, cada vez mayores, que entra\u00f1a la exposici\u00f3n prolongada y sin la adecuada protecci\u00f3n a la exposici\u00f3n solar y su relaci\u00f3n directa con los procesos de envejecimiento cut\u00e1neo (denominado por los dermat\u00f3logos Fotoenvejecimiento)","robots":{"index":"index","follow":"follow","max-snippet":"max-snippet:-1","max-image-preview":"max-image-preview:large","max-video-preview":"max-video-preview:-1"},"canonical":"https:\/\/www.ideidermatologia.com\/noticias\/fotoenvejecimiento-versus-fotoproteccion\/","og_locale":"es_ES","og_type":"article","og_title":"Fotoenvejecimiento versus Fotoprotecci\u00f3n","og_description":"son cada vez m\u00e1s las noticias y estudios que nos intentan concienciar de los riesgos, cada vez mayores, que entra\u00f1a la exposici\u00f3n prolongada y sin la adecuada protecci\u00f3n a la exposici\u00f3n solar y su relaci\u00f3n directa con los procesos de envejecimiento cut\u00e1neo (denominado por los dermat\u00f3logos Fotoenvejecimiento)","og_url":"https:\/\/www.ideidermatologia.com\/noticias\/fotoenvejecimiento-versus-fotoproteccion\/","og_site_name":"Dermatology Visual Blog","article_publisher":"https:\/\/www.facebook.com\/pages\/IDEI-Cuidado-Facial\/1559067711026199?ref=hl","article_published_time":"2015-06-11T21:17:46+00:00","article_modified_time":"2015-07-24T17:17:53+00:00","og_image":[{"width":1490,"height":1235,"url":"https:\/\/i1.wp.com\/dermatologyvisualblog.com\/wp-content\/uploads\/2015\/04\/5.png?fit=1490%2C1235&ssl=1","type":"image\/png"}],"author":"Cl\u00ednica IDEI","twitter_card":"summary_large_image","twitter_creator":"@Admin","twitter_site":"@IDEI_Facial","twitter_misc":{"Escrito por":"Cl\u00ednica IDEI","Tiempo de lectura":"4 minutos"},"schema":{"@context":"https:\/\/schema.org","@graph":[{"@type":"Article","@id":"https:\/\/www.ideidermatologia.com\/noticias\/fotoenvejecimiento-versus-fotoproteccion\/#article","isPartOf":{"@id":"https:\/\/www.ideidermatologia.com\/noticias\/fotoenvejecimiento-versus-fotoproteccion\/"},"author":{"name":"Cl\u00ednica IDEI","@id":"https:\/\/www.ideidermatologia.com\/noticias\/#\/schema\/person\/43281bfaa301b08acbb37be995923296"},"headline":"Fotoenvejecimiento versus Fotoprotecci\u00f3n","datePublished":"2015-06-11T21:17:46+00:00","dateModified":"2015-07-24T17:17:53+00:00","mainEntityOfPage":{"@id":"https:\/\/www.ideidermatologia.com\/noticias\/fotoenvejecimiento-versus-fotoproteccion\/"},"wordCount":798,"commentCount":1,"publisher":{"@id":"https:\/\/www.ideidermatologia.com\/noticias\/#organization"},"image":{"@id":"https:\/\/www.ideidermatologia.com\/noticias\/fotoenvejecimiento-versus-fotoproteccion\/#primaryimage"},"thumbnailUrl":"https:\/\/www.ideidermatologia.com\/noticias\/wp-content\/uploads\/2015\/04\/5.png","keywords":["bioestimulaci\u00f3n est\u00e9tica","fotoenvenjecimiento","fotoprotectores","los mejores protectores solares","rejuvenecimiento"],"articleSection":["Cosm\u00e9tica Facial","Cuidado de la Piel","Facial","Rejuvenecimiento"],"inLanguage":"es"},{"@type":"WebPage","@id":"https:\/\/www.ideidermatologia.com\/noticias\/fotoenvejecimiento-versus-fotoproteccion\/","url":"https:\/\/www.ideidermatologia.com\/noticias\/fotoenvejecimiento-versus-fotoproteccion\/","name":"Fotoenvejecimiento versus Fotoprotecci\u00f3n","isPartOf":{"@id":"https:\/\/www.ideidermatologia.com\/noticias\/#website"},"primaryImageOfPage":{"@id":"https:\/\/www.ideidermatologia.com\/noticias\/fotoenvejecimiento-versus-fotoproteccion\/#primaryimage"},"image":{"@id":"https:\/\/www.ideidermatologia.com\/noticias\/fotoenvejecimiento-versus-fotoproteccion\/#primaryimage"},"thumbnailUrl":"https:\/\/www.ideidermatologia.com\/noticias\/wp-content\/uploads\/2015\/04\/5.png","datePublished":"2015-06-11T21:17:46+00:00","dateModified":"2015-07-24T17:17:53+00:00","description":"son cada vez m\u00e1s las noticias y estudios que nos intentan concienciar de los riesgos, cada vez mayores, que entra\u00f1a la exposici\u00f3n prolongada y sin la adecuada protecci\u00f3n a la exposici\u00f3n solar y su relaci\u00f3n directa con los procesos de envejecimiento cut\u00e1neo (denominado por los dermat\u00f3logos Fotoenvejecimiento)","breadcrumb":{"@id":"https:\/\/www.ideidermatologia.com\/noticias\/fotoenvejecimiento-versus-fotoproteccion\/#breadcrumb"},"inLanguage":"es","potentialAction":[{"@type":"ReadAction","target":["https:\/\/www.ideidermatologia.com\/noticias\/fotoenvejecimiento-versus-fotoproteccion\/"]}]},{"@type":"ImageObject","inLanguage":"es","@id":"https:\/\/www.ideidermatologia.com\/noticias\/fotoenvejecimiento-versus-fotoproteccion\/#primaryimage","url":"https:\/\/www.ideidermatologia.com\/noticias\/wp-content\/uploads\/2015\/04\/5.png","contentUrl":"https:\/\/www.ideidermatologia.com\/noticias\/wp-content\/uploads\/2015\/04\/5.png","width":1490,"height":1235},{"@type":"BreadcrumbList","@id":"https:\/\/www.ideidermatologia.com\/noticias\/fotoenvejecimiento-versus-fotoproteccion\/#breadcrumb","itemListElement":[{"@type":"ListItem","position":1,"name":"Portada","item":"https:\/\/www.ideidermatologia.com\/noticias\/"},{"@type":"ListItem","position":2,"name":"Fotoenvejecimiento versus Fotoprotecci\u00f3n"}]},{"@type":"WebSite","@id":"https:\/\/www.ideidermatologia.com\/noticias\/#website","url":"https:\/\/www.ideidermatologia.com\/noticias\/","name":"Dermatology Visual Blog","description":"Dedicados a cuidar tu piel","publisher":{"@id":"https:\/\/www.ideidermatologia.com\/noticias\/#organization"},"potentialAction":[{"@type":"SearchAction","target":{"@type":"EntryPoint","urlTemplate":"https:\/\/www.ideidermatologia.com\/noticias\/?s={search_term_string}"},"query-input":{"@type":"PropertyValueSpecification","valueRequired":true,"valueName":"search_term_string"}}],"inLanguage":"es"},{"@type":"Organization","@id":"https:\/\/www.ideidermatologia.com\/noticias\/#organization","name":"IDEI","url":"https:\/\/www.ideidermatologia.com\/noticias\/","logo":{"@type":"ImageObject","inLanguage":"es","@id":"https:\/\/www.ideidermatologia.com\/noticias\/#\/schema\/logo\/image\/","url":"https:\/\/www.ideidermatologia.com\/noticias\/wp-content\/uploads\/2024\/07\/logo-DVB-262x73-transformed.png","contentUrl":"https:\/\/www.ideidermatologia.com\/noticias\/wp-content\/uploads\/2024\/07\/logo-DVB-262x73-transformed.png","width":1048,"height":292,"caption":"IDEI"},"image":{"@id":"https:\/\/www.ideidermatologia.com\/noticias\/#\/schema\/logo\/image\/"},"sameAs":["https:\/\/www.facebook.com\/pages\/IDEI-Cuidado-Facial\/1559067711026199?ref=hl","https:\/\/x.com\/IDEI_Facial"]},{"@type":"Person","@id":"https:\/\/www.ideidermatologia.com\/noticias\/#\/schema\/person\/43281bfaa301b08acbb37be995923296","name":"Cl\u00ednica IDEI","sameAs":["http:\/\/ideidermatologia.com","https:\/\/www.instagram.com\/idei_dermatologia\/","https:\/\/x.com\/Admin"]}]}},"_links":{"self":[{"href":"https:\/\/www.ideidermatologia.com\/noticias\/wp-json\/wp\/v2\/posts\/323","targetHints":{"allow":["GET"]}}],"collection":[{"href":"https:\/\/www.ideidermatologia.com\/noticias\/wp-json\/wp\/v2\/posts"}],"about":[{"href":"https:\/\/www.ideidermatologia.com\/noticias\/wp-json\/wp\/v2\/types\/post"}],"author":[{"embeddable":true,"href":"https:\/\/www.ideidermatologia.com\/noticias\/wp-json\/wp\/v2\/users\/1"}],"replies":[{"embeddable":true,"href":"https:\/\/www.ideidermatologia.com\/noticias\/wp-json\/wp\/v2\/comments?post=323"}],"version-history":[{"count":0,"href":"https:\/\/www.ideidermatologia.com\/noticias\/wp-json\/wp\/v2\/posts\/323\/revisions"}],"wp:featuredmedia":[{"embeddable":true,"href":"https:\/\/www.ideidermatologia.com\/noticias\/wp-json\/wp\/v2\/media\/47"}],"wp:attachment":[{"href":"https:\/\/www.ideidermatologia.com\/noticias\/wp-json\/wp\/v2\/media?parent=323"}],"wp:term":[{"taxonomy":"category","embeddable":true,"href":"https:\/\/www.ideidermatologia.com\/noticias\/wp-json\/wp\/v2\/categories?post=323"},{"taxonomy":"post_tag","embeddable":true,"href":"https:\/\/www.ideidermatologia.com\/noticias\/wp-json\/wp\/v2\/tags?post=323"}],"curies":[{"name":"wp","href":"https:\/\/api.w.org\/{rel}","templated":true}]}}