{"id":286,"date":"2015-06-01T12:35:16","date_gmt":"2015-06-01T10:35:16","guid":{"rendered":"https:\/\/www.ideidermatologia.com\/noticias\/?p=286"},"modified":"2015-06-01T12:35:16","modified_gmt":"2015-06-01T10:35:16","slug":"alopecia-areata-una-gran-desconocida","status":"publish","type":"post","link":"https:\/\/www.ideidermatologia.com\/noticias\/alopecia-areata-una-gran-desconocida\/","title":{"rendered":"Alopecia Areata: una gran desconocida"},"content":{"rendered":"<p>El Dr. S\u00e1nchez Viera, fundador y director del Instituto de dermatolog\u00eda Integral (IDEI) de Madrid nos habla de una patolog\u00eda compleja tanto desde el punto de vista emocional como desde su propio tratamiento.<\/p>\n<h2><span style=\"color: #00969e;\">La <strong>alopecia areata, una gran desconocida, afecta a un 2% de la poblaci\u00f3n<\/strong>. Est\u00e1, en muchas ocasiones, asociada a otras enfermedades como la diabetes tipo 1, enfermedad de tiroides, asmas, etc.<\/span><\/h2>\n<p><span style=\"line-height: 1.5;\">Seg\u00fan datos de la <strong><a title=\"\" href=\"http:\/\/www.aedv.es\/\" target=\"_blank\">Academia Espa\u00f1ola de Dermatolog\u00eda y Venereolog\u00eda<\/a>,<\/strong> en el <strong>60% de los pacientes la primera placa alop\u00e9cica aparece alrededor de los 20 a\u00f1os<\/strong>.<\/span><\/p>\n<p><span style=\"line-height: 1.5;\">La <\/span><strong style=\"line-height: 1.5;\">alopecia areata es una enfermedad autoinmune<\/strong><span style=\"line-height: 1.5;\"> similar a otras <\/span><strong style=\"line-height: 1.5;\">enfermedades propiamente dermatol\u00f3gicas como la psoriasis, eczemas o vit\u00edligo.\u00a0<\/strong><\/p>\n<p>&nbsp;<\/p>\n<h3><span style=\"color: #00969e;\"><strong>\u00bfQu\u00e9 es una enfermedad autoinmune?<\/strong><\/span><\/h3>\n<p>El\u00a0<strong>sistema inmunol\u00f3gico<\/strong>\u00a0es un sofisticado complejo de c\u00e9lulas y se\u00f1ales moleculares que nos defienden y protegen de enfermedades e infecciones. Sin embargo,\u00a0<strong>este sistema no es perfecto<\/strong><\/p>\n<p>El t\u00e9rmino <strong>\u201cenfermedad autoinmune\u201d<\/strong> engloba a aquellas patolog\u00edas que se originan por errores en el reconocimiento del agente pat\u00f3geno, es decir, nuestro sistema inmunol\u00f3gico identifica err\u00f3neamente a nuestras propias c\u00e9lulas como pat\u00f3genos externos infecciosos y las ataca.<\/p>\n<p>&nbsp;<\/p>\n<h3><span style=\"color: #00969e;\"><strong>\u00bfQu\u00e9 desencadena la alopecia areata?<\/strong><\/span><\/h3>\n<p>Parece ser que la alopecia areata, como enfermedad autoinmune que es, podr\u00eda desencadenarse por estr\u00e9s, infecciones y medicaci\u00f3n existiendo una predisposici\u00f3n gen\u00e9tica a sufrirla.<\/p>\n<p>Seg\u00fan la\u00a0<strong><a href=\"https:\/\/www.naaf.org\/\">Fundaci\u00f3n Nacional de Alopecia Areata<\/a>\u00a0(NAAF)<\/strong>\u00a0esta patolog\u00eda <strong>afecta por igual a hombres y mujeres<\/strong> de todas las edades, aunque el primer brote suele surgir durante la infancia.<\/p>\n<p>Los datos estad\u00edsticos de los dispone la NAAF hablan de que en el mundo, la sufrir\u00e1n unos 147 millones de personas en alg\u00fan momento de su vida.<\/p>\n<p>&nbsp;<\/p>\n<h3><span style=\"color: #00969e;\"><strong>\u00bfC\u00f3mo cursa la alopecia areata?<\/strong><\/span><\/h3>\n<p>En general, <strong>aparece como p\u00e9rdida de cabello en una zona determinada<\/strong>. Suelen ser zonas redondeadas a modo de parche. Se inicia en la zona del cueto cabelludo pero puede afectar a otras partes como la barba, las cejas, las pesta\u00f1as.<\/p>\n<p>Esta patolog\u00eda puede cursar de manera localizada, siendo \u00e9sta forma de <strong>alopecia areata m\u00e1s f\u00e1cil de resolver<\/strong>, o por el contrario, afectar de manera masiva produciendo una ca\u00edda radical del pelo y del vello de todo el cuerpo <strong>(conocida como alopecia universalis).<\/strong><\/p>\n<p>&nbsp;<\/p>\n<h3><a href=\"https:\/\/www.ideidermatologia.com\/noticias\/wp-content\/uploads\/2015\/06\/alopecia-areata-ok.jpg\"><img fetchpriority=\"high\" decoding=\"async\" class=\"alignleft size-full wp-image-291\" src=\"https:\/\/www.ideidermatologia.com\/noticias\/wp-content\/uploads\/2015\/06\/alopecia-areata-ok.jpg\" alt=\"alopecia areata el mejor tratamiento\" width=\"400\" height=\"265\" srcset=\"https:\/\/www.ideidermatologia.com\/noticias\/wp-content\/uploads\/2015\/06\/alopecia-areata-ok.jpg 400w, https:\/\/www.ideidermatologia.com\/noticias\/wp-content\/uploads\/2015\/06\/alopecia-areata-ok-300x200.jpg 300w, https:\/\/www.ideidermatologia.com\/noticias\/wp-content\/uploads\/2015\/06\/alopecia-areata-ok-360x240.jpg 360w\" sizes=\"(max-width: 400px) 100vw, 400px\" \/><\/a><span style=\"color: #00969e;\"><strong>\u00bfSe puede tratar la alopecia areata?<\/strong><\/span><\/h3>\n<p>Cuando hablamos de <strong>alopecia areata en zonas poco extensas<\/strong>, los<strong> tratamientos<\/strong> para frenar su avance <strong>suelen resultar efectivos<\/strong>. Es imprescindible ponerse en manos de <strong><a href=\"http:\/\/www.ideidermatologia.com\/contactanos\">dermat\u00f3logos especialistas<\/a><\/strong> que determinen el plan de tratamiento m\u00e1s adecuado o la combinaci\u00f3n de varios.<\/p>\n<p>El porcentaje de \u00e9xito de estos tratamientos depende de distintos factores como la edad del paciente, el tipo de alopecia, el tiempo de evoluci\u00f3n de la misma entre otros.<\/p>\n<p>Si hablamos de la <strong>alopecia areata universal la eficacia de los tratamientos es muy reducida o pr\u00e1cticamente nula<\/strong>.<\/p>\n<p>&nbsp;<\/p>\n<h3><span style=\"color: #00969e;\"><strong>\u00bfQu\u00e9 avances se est\u00e1n produciendo en el tratamiento de la alopecia areata?<\/strong><\/span><\/h3>\n<p>Se ha abierto una nueva l\u00ednea de tratamientos, los llamados <strong>anti-JAK <\/strong><span class=\"s1\">(ruxolitinib y tofacitinib).<\/span><\/p>\n<p><span style=\"line-height: 1.5;\">Los<\/span><strong style=\"line-height: 1.5;\"> inhibidores JAK<\/strong><span style=\"line-height: 1.5;\"> bloquean unas peque\u00f1as prote\u00ednas importantes en la se\u00f1alizaci\u00f3n celular. Los resultados parecen ser esperanzadores aunque a\u00fan<\/span>\u00a0ser\u00e1n necesarios a\u00f1os de investigaci\u00f3n antes de que <strong>los anti-JAK pueden utilizarse con los pacientes de alopecia areata.<\/strong><\/p>\n<p>&nbsp;<\/p>\n<p><span style=\"color: #00969e;\">El Dr. S\u00e1nchez Viera de IDEI aclara algunos aspectos m\u00e1s de esta patolog\u00eda poco conocida pero con fuertes efectos, sobre todo de tipo psicol\u00f3gico, en los pacientes que sufren <strong>alopecia areata<\/strong> en este <strong><a style=\"color: #00969e;\" href=\"https:\/\/youtu.be\/WBEH4jM61lg\" target=\"_blank\">video <\/a><\/strong><\/span><\/p>\n<p>&nbsp;<\/p>\n<p>&nbsp;<\/p>\n<p>&nbsp;<\/p>\n<p>&nbsp;<\/p>\n","protected":false},"excerpt":{"rendered":"<p>El Dr. S\u00e1nchez Viera, fundador y director del Instituto de dermatolog\u00eda Integral (IDEI) de Madrid nos habla de una patolog\u00eda compleja tanto desde el punto de vista emocional como desde su propio tratamiento. La alopecia areata, una gran desconocida, afecta a un 2% de la poblaci\u00f3n. Est\u00e1, en muchas ocasiones, asociada a otras enfermedades como [&hellip;]<\/p>\n","protected":false},"author":1,"featured_media":290,"comment_status":"open","ping_status":"open","sticky":false,"template":"","format":"video","meta":{"footnotes":""},"categories":[9,1,11,44],"tags":[46,49,50,48,47],"class_list":["post-286","post","type-post","status-publish","format-video","has-post-thumbnail","hentry","category-alopecia","category-articulo","category-caida-del-cabello","category-news-capilar","tag-alopecia-areata","tag-alopecia-areata-universal","tag-alopecia-universalis","tag-caida-del-cabello","tag-tratamiento-alopecia-areata","post_format-post-format-video"],"yoast_head":"<!-- This site is optimized with the Yoast SEO plugin v28.3 - https:\/\/yoast.com\/product\/yoast-seo-wordpress\/ -->\n<title>Alopecia Areata: causas y nuevos tratamientos<\/title>\n<meta name=\"description\" content=\"La alopecia areata es una gran desconocida dentro de las patolog\u00edas de ca\u00edda del cabello y afecta a un 2% de la poblaci\u00f3n. Los anti-JAK un nuevo tratamiento\" \/>\n<meta name=\"robots\" content=\"index, follow, max-snippet:-1, max-image-preview:large, max-video-preview:-1\" \/>\n<link rel=\"canonical\" href=\"https:\/\/www.ideidermatologia.com\/noticias\/alopecia-areata-una-gran-desconocida\/\" \/>\n<meta property=\"og:locale\" content=\"es_ES\" \/>\n<meta property=\"og:type\" content=\"article\" \/>\n<meta property=\"og:title\" content=\"Alopecia Areata: causas y nuevos tratamientos\" \/>\n<meta property=\"og:description\" content=\"La alopecia areata es una gran desconocida dentro de las patolog\u00edas de ca\u00edda del cabello y afecta a un 2% de la poblaci\u00f3n. Los anti-JAK un nuevo tratamiento\" \/>\n<meta property=\"og:url\" content=\"https:\/\/www.ideidermatologia.com\/noticias\/alopecia-areata-una-gran-desconocida\/\" \/>\n<meta property=\"og:site_name\" content=\"Dermatology Visual Blog\" \/>\n<meta property=\"article:publisher\" content=\"https:\/\/www.facebook.com\/pages\/IDEI-Cuidado-Facial\/1559067711026199?ref=hl\" \/>\n<meta property=\"article:published_time\" content=\"2015-06-01T10:35:16+00:00\" \/>\n<meta property=\"og:image\" content=\"https:\/\/i0.wp.com\/dermatologyvisualblog.com\/wp-content\/uploads\/2015\/06\/tratamiento-alopecia-areata.png?fit=1192%2C436&ssl=1\" \/>\n\t<meta property=\"og:image:width\" content=\"1192\" \/>\n\t<meta property=\"og:image:height\" content=\"436\" \/>\n\t<meta property=\"og:image:type\" content=\"image\/png\" \/>\n<meta name=\"author\" content=\"Cl\u00ednica IDEI\" \/>\n<meta name=\"twitter:card\" content=\"summary_large_image\" \/>\n<meta name=\"twitter:creator\" content=\"@Admin\" \/>\n<meta name=\"twitter:site\" content=\"@IDEI_Facial\" \/>\n<meta name=\"twitter:label1\" content=\"Escrito por\" \/>\n\t<meta name=\"twitter:data1\" content=\"Cl\u00ednica IDEI\" \/>\n\t<meta name=\"twitter:label2\" content=\"Tiempo de lectura\" \/>\n\t<meta name=\"twitter:data2\" content=\"3 minutos\" \/>\n<script type=\"application\/ld+json\" class=\"yoast-schema-graph\">{\"@context\":\"https:\\\/\\\/schema.org\",\"@graph\":[{\"@type\":\"Article\",\"@id\":\"https:\\\/\\\/www.ideidermatologia.com\\\/noticias\\\/alopecia-areata-una-gran-desconocida\\\/#article\",\"isPartOf\":{\"@id\":\"https:\\\/\\\/www.ideidermatologia.com\\\/noticias\\\/alopecia-areata-una-gran-desconocida\\\/\"},\"author\":{\"name\":\"Cl\u00ednica IDEI\",\"@id\":\"https:\\\/\\\/www.ideidermatologia.com\\\/noticias\\\/#\\\/schema\\\/person\\\/43281bfaa301b08acbb37be995923296\"},\"headline\":\"Alopecia Areata: una gran desconocida\",\"datePublished\":\"2015-06-01T10:35:16+00:00\",\"mainEntityOfPage\":{\"@id\":\"https:\\\/\\\/www.ideidermatologia.com\\\/noticias\\\/alopecia-areata-una-gran-desconocida\\\/\"},\"wordCount\":610,\"commentCount\":0,\"publisher\":{\"@id\":\"https:\\\/\\\/www.ideidermatologia.com\\\/noticias\\\/#organization\"},\"image\":{\"@id\":\"https:\\\/\\\/www.ideidermatologia.com\\\/noticias\\\/alopecia-areata-una-gran-desconocida\\\/#primaryimage\"},\"thumbnailUrl\":\"https:\\\/\\\/www.ideidermatologia.com\\\/noticias\\\/wp-content\\\/uploads\\\/2015\\\/06\\\/tratamiento-alopecia-areata.png\",\"keywords\":[\"alopecia areata\",\"alopecia areata universal\",\"alopecia universalis\",\"ca\u00edda del cabello\",\"tratamiento alopecia areata\"],\"articleSection\":[\"Alopecia\",\"Art\u00edculo\",\"Caida del cabello\",\"Capilar\"],\"inLanguage\":\"es\"},{\"@type\":\"WebPage\",\"@id\":\"https:\\\/\\\/www.ideidermatologia.com\\\/noticias\\\/alopecia-areata-una-gran-desconocida\\\/\",\"url\":\"https:\\\/\\\/www.ideidermatologia.com\\\/noticias\\\/alopecia-areata-una-gran-desconocida\\\/\",\"name\":\"Alopecia Areata: causas y nuevos tratamientos\",\"isPartOf\":{\"@id\":\"https:\\\/\\\/www.ideidermatologia.com\\\/noticias\\\/#website\"},\"primaryImageOfPage\":{\"@id\":\"https:\\\/\\\/www.ideidermatologia.com\\\/noticias\\\/alopecia-areata-una-gran-desconocida\\\/#primaryimage\"},\"image\":{\"@id\":\"https:\\\/\\\/www.ideidermatologia.com\\\/noticias\\\/alopecia-areata-una-gran-desconocida\\\/#primaryimage\"},\"thumbnailUrl\":\"https:\\\/\\\/www.ideidermatologia.com\\\/noticias\\\/wp-content\\\/uploads\\\/2015\\\/06\\\/tratamiento-alopecia-areata.png\",\"datePublished\":\"2015-06-01T10:35:16+00:00\",\"description\":\"La alopecia areata es una gran desconocida dentro de las patolog\u00edas de ca\u00edda del cabello y afecta a un 2% de la poblaci\u00f3n. Los anti-JAK un nuevo tratamiento\",\"breadcrumb\":{\"@id\":\"https:\\\/\\\/www.ideidermatologia.com\\\/noticias\\\/alopecia-areata-una-gran-desconocida\\\/#breadcrumb\"},\"inLanguage\":\"es\",\"potentialAction\":[{\"@type\":\"ReadAction\",\"target\":[\"https:\\\/\\\/www.ideidermatologia.com\\\/noticias\\\/alopecia-areata-una-gran-desconocida\\\/\"]}]},{\"@type\":\"ImageObject\",\"inLanguage\":\"es\",\"@id\":\"https:\\\/\\\/www.ideidermatologia.com\\\/noticias\\\/alopecia-areata-una-gran-desconocida\\\/#primaryimage\",\"url\":\"https:\\\/\\\/www.ideidermatologia.com\\\/noticias\\\/wp-content\\\/uploads\\\/2015\\\/06\\\/tratamiento-alopecia-areata.png\",\"contentUrl\":\"https:\\\/\\\/www.ideidermatologia.com\\\/noticias\\\/wp-content\\\/uploads\\\/2015\\\/06\\\/tratamiento-alopecia-areata.png\",\"width\":1192,\"height\":436,\"caption\":\"tratamiento-alopecia-areata\"},{\"@type\":\"BreadcrumbList\",\"@id\":\"https:\\\/\\\/www.ideidermatologia.com\\\/noticias\\\/alopecia-areata-una-gran-desconocida\\\/#breadcrumb\",\"itemListElement\":[{\"@type\":\"ListItem\",\"position\":1,\"name\":\"Portada\",\"item\":\"https:\\\/\\\/www.ideidermatologia.com\\\/noticias\\\/\"},{\"@type\":\"ListItem\",\"position\":2,\"name\":\"Alopecia Areata: una gran desconocida\"}]},{\"@type\":\"WebSite\",\"@id\":\"https:\\\/\\\/www.ideidermatologia.com\\\/noticias\\\/#website\",\"url\":\"https:\\\/\\\/www.ideidermatologia.com\\\/noticias\\\/\",\"name\":\"Dermatology Visual Blog\",\"description\":\"Dedicados a cuidar tu piel\",\"publisher\":{\"@id\":\"https:\\\/\\\/www.ideidermatologia.com\\\/noticias\\\/#organization\"},\"potentialAction\":[{\"@type\":\"SearchAction\",\"target\":{\"@type\":\"EntryPoint\",\"urlTemplate\":\"https:\\\/\\\/www.ideidermatologia.com\\\/noticias\\\/?s={search_term_string}\"},\"query-input\":{\"@type\":\"PropertyValueSpecification\",\"valueRequired\":true,\"valueName\":\"search_term_string\"}}],\"inLanguage\":\"es\"},{\"@type\":\"Organization\",\"@id\":\"https:\\\/\\\/www.ideidermatologia.com\\\/noticias\\\/#organization\",\"name\":\"IDEI\",\"url\":\"https:\\\/\\\/www.ideidermatologia.com\\\/noticias\\\/\",\"logo\":{\"@type\":\"ImageObject\",\"inLanguage\":\"es\",\"@id\":\"https:\\\/\\\/www.ideidermatologia.com\\\/noticias\\\/#\\\/schema\\\/logo\\\/image\\\/\",\"url\":\"https:\\\/\\\/www.ideidermatologia.com\\\/noticias\\\/wp-content\\\/uploads\\\/2024\\\/07\\\/logo-DVB-262x73-transformed.png\",\"contentUrl\":\"https:\\\/\\\/www.ideidermatologia.com\\\/noticias\\\/wp-content\\\/uploads\\\/2024\\\/07\\\/logo-DVB-262x73-transformed.png\",\"width\":1048,\"height\":292,\"caption\":\"IDEI\"},\"image\":{\"@id\":\"https:\\\/\\\/www.ideidermatologia.com\\\/noticias\\\/#\\\/schema\\\/logo\\\/image\\\/\"},\"sameAs\":[\"https:\\\/\\\/www.facebook.com\\\/pages\\\/IDEI-Cuidado-Facial\\\/1559067711026199?ref=hl\",\"https:\\\/\\\/x.com\\\/IDEI_Facial\"]},{\"@type\":\"Person\",\"@id\":\"https:\\\/\\\/www.ideidermatologia.com\\\/noticias\\\/#\\\/schema\\\/person\\\/43281bfaa301b08acbb37be995923296\",\"name\":\"Cl\u00ednica IDEI\",\"sameAs\":[\"http:\\\/\\\/ideidermatologia.com\",\"https:\\\/\\\/www.instagram.com\\\/idei_dermatologia\\\/\",\"https:\\\/\\\/x.com\\\/Admin\"]}]}<\/script>\n<!-- \/ Yoast SEO plugin. -->","yoast_head_json":{"title":"Alopecia Areata: causas y nuevos tratamientos","description":"La alopecia areata es una gran desconocida dentro de las patolog\u00edas de ca\u00edda del cabello y afecta a un 2% de la poblaci\u00f3n. Los anti-JAK un nuevo tratamiento","robots":{"index":"index","follow":"follow","max-snippet":"max-snippet:-1","max-image-preview":"max-image-preview:large","max-video-preview":"max-video-preview:-1"},"canonical":"https:\/\/www.ideidermatologia.com\/noticias\/alopecia-areata-una-gran-desconocida\/","og_locale":"es_ES","og_type":"article","og_title":"Alopecia Areata: causas y nuevos tratamientos","og_description":"La alopecia areata es una gran desconocida dentro de las patolog\u00edas de ca\u00edda del cabello y afecta a un 2% de la poblaci\u00f3n. Los anti-JAK un nuevo tratamiento","og_url":"https:\/\/www.ideidermatologia.com\/noticias\/alopecia-areata-una-gran-desconocida\/","og_site_name":"Dermatology Visual Blog","article_publisher":"https:\/\/www.facebook.com\/pages\/IDEI-Cuidado-Facial\/1559067711026199?ref=hl","article_published_time":"2015-06-01T10:35:16+00:00","og_image":[{"width":1192,"height":436,"url":"https:\/\/i0.wp.com\/dermatologyvisualblog.com\/wp-content\/uploads\/2015\/06\/tratamiento-alopecia-areata.png?fit=1192%2C436&ssl=1","type":"image\/png"}],"author":"Cl\u00ednica IDEI","twitter_card":"summary_large_image","twitter_creator":"@Admin","twitter_site":"@IDEI_Facial","twitter_misc":{"Escrito por":"Cl\u00ednica IDEI","Tiempo de lectura":"3 minutos"},"schema":{"@context":"https:\/\/schema.org","@graph":[{"@type":"Article","@id":"https:\/\/www.ideidermatologia.com\/noticias\/alopecia-areata-una-gran-desconocida\/#article","isPartOf":{"@id":"https:\/\/www.ideidermatologia.com\/noticias\/alopecia-areata-una-gran-desconocida\/"},"author":{"name":"Cl\u00ednica IDEI","@id":"https:\/\/www.ideidermatologia.com\/noticias\/#\/schema\/person\/43281bfaa301b08acbb37be995923296"},"headline":"Alopecia Areata: una gran desconocida","datePublished":"2015-06-01T10:35:16+00:00","mainEntityOfPage":{"@id":"https:\/\/www.ideidermatologia.com\/noticias\/alopecia-areata-una-gran-desconocida\/"},"wordCount":610,"commentCount":0,"publisher":{"@id":"https:\/\/www.ideidermatologia.com\/noticias\/#organization"},"image":{"@id":"https:\/\/www.ideidermatologia.com\/noticias\/alopecia-areata-una-gran-desconocida\/#primaryimage"},"thumbnailUrl":"https:\/\/www.ideidermatologia.com\/noticias\/wp-content\/uploads\/2015\/06\/tratamiento-alopecia-areata.png","keywords":["alopecia areata","alopecia areata universal","alopecia universalis","ca\u00edda del cabello","tratamiento alopecia areata"],"articleSection":["Alopecia","Art\u00edculo","Caida del cabello","Capilar"],"inLanguage":"es"},{"@type":"WebPage","@id":"https:\/\/www.ideidermatologia.com\/noticias\/alopecia-areata-una-gran-desconocida\/","url":"https:\/\/www.ideidermatologia.com\/noticias\/alopecia-areata-una-gran-desconocida\/","name":"Alopecia Areata: causas y nuevos tratamientos","isPartOf":{"@id":"https:\/\/www.ideidermatologia.com\/noticias\/#website"},"primaryImageOfPage":{"@id":"https:\/\/www.ideidermatologia.com\/noticias\/alopecia-areata-una-gran-desconocida\/#primaryimage"},"image":{"@id":"https:\/\/www.ideidermatologia.com\/noticias\/alopecia-areata-una-gran-desconocida\/#primaryimage"},"thumbnailUrl":"https:\/\/www.ideidermatologia.com\/noticias\/wp-content\/uploads\/2015\/06\/tratamiento-alopecia-areata.png","datePublished":"2015-06-01T10:35:16+00:00","description":"La alopecia areata es una gran desconocida dentro de las patolog\u00edas de ca\u00edda del cabello y afecta a un 2% de la poblaci\u00f3n. Los anti-JAK un nuevo tratamiento","breadcrumb":{"@id":"https:\/\/www.ideidermatologia.com\/noticias\/alopecia-areata-una-gran-desconocida\/#breadcrumb"},"inLanguage":"es","potentialAction":[{"@type":"ReadAction","target":["https:\/\/www.ideidermatologia.com\/noticias\/alopecia-areata-una-gran-desconocida\/"]}]},{"@type":"ImageObject","inLanguage":"es","@id":"https:\/\/www.ideidermatologia.com\/noticias\/alopecia-areata-una-gran-desconocida\/#primaryimage","url":"https:\/\/www.ideidermatologia.com\/noticias\/wp-content\/uploads\/2015\/06\/tratamiento-alopecia-areata.png","contentUrl":"https:\/\/www.ideidermatologia.com\/noticias\/wp-content\/uploads\/2015\/06\/tratamiento-alopecia-areata.png","width":1192,"height":436,"caption":"tratamiento-alopecia-areata"},{"@type":"BreadcrumbList","@id":"https:\/\/www.ideidermatologia.com\/noticias\/alopecia-areata-una-gran-desconocida\/#breadcrumb","itemListElement":[{"@type":"ListItem","position":1,"name":"Portada","item":"https:\/\/www.ideidermatologia.com\/noticias\/"},{"@type":"ListItem","position":2,"name":"Alopecia Areata: una gran desconocida"}]},{"@type":"WebSite","@id":"https:\/\/www.ideidermatologia.com\/noticias\/#website","url":"https:\/\/www.ideidermatologia.com\/noticias\/","name":"Dermatology Visual Blog","description":"Dedicados a cuidar tu piel","publisher":{"@id":"https:\/\/www.ideidermatologia.com\/noticias\/#organization"},"potentialAction":[{"@type":"SearchAction","target":{"@type":"EntryPoint","urlTemplate":"https:\/\/www.ideidermatologia.com\/noticias\/?s={search_term_string}"},"query-input":{"@type":"PropertyValueSpecification","valueRequired":true,"valueName":"search_term_string"}}],"inLanguage":"es"},{"@type":"Organization","@id":"https:\/\/www.ideidermatologia.com\/noticias\/#organization","name":"IDEI","url":"https:\/\/www.ideidermatologia.com\/noticias\/","logo":{"@type":"ImageObject","inLanguage":"es","@id":"https:\/\/www.ideidermatologia.com\/noticias\/#\/schema\/logo\/image\/","url":"https:\/\/www.ideidermatologia.com\/noticias\/wp-content\/uploads\/2024\/07\/logo-DVB-262x73-transformed.png","contentUrl":"https:\/\/www.ideidermatologia.com\/noticias\/wp-content\/uploads\/2024\/07\/logo-DVB-262x73-transformed.png","width":1048,"height":292,"caption":"IDEI"},"image":{"@id":"https:\/\/www.ideidermatologia.com\/noticias\/#\/schema\/logo\/image\/"},"sameAs":["https:\/\/www.facebook.com\/pages\/IDEI-Cuidado-Facial\/1559067711026199?ref=hl","https:\/\/x.com\/IDEI_Facial"]},{"@type":"Person","@id":"https:\/\/www.ideidermatologia.com\/noticias\/#\/schema\/person\/43281bfaa301b08acbb37be995923296","name":"Cl\u00ednica IDEI","sameAs":["http:\/\/ideidermatologia.com","https:\/\/www.instagram.com\/idei_dermatologia\/","https:\/\/x.com\/Admin"]}]}},"_links":{"self":[{"href":"https:\/\/www.ideidermatologia.com\/noticias\/wp-json\/wp\/v2\/posts\/286","targetHints":{"allow":["GET"]}}],"collection":[{"href":"https:\/\/www.ideidermatologia.com\/noticias\/wp-json\/wp\/v2\/posts"}],"about":[{"href":"https:\/\/www.ideidermatologia.com\/noticias\/wp-json\/wp\/v2\/types\/post"}],"author":[{"embeddable":true,"href":"https:\/\/www.ideidermatologia.com\/noticias\/wp-json\/wp\/v2\/users\/1"}],"replies":[{"embeddable":true,"href":"https:\/\/www.ideidermatologia.com\/noticias\/wp-json\/wp\/v2\/comments?post=286"}],"version-history":[{"count":0,"href":"https:\/\/www.ideidermatologia.com\/noticias\/wp-json\/wp\/v2\/posts\/286\/revisions"}],"wp:featuredmedia":[{"embeddable":true,"href":"https:\/\/www.ideidermatologia.com\/noticias\/wp-json\/wp\/v2\/media\/290"}],"wp:attachment":[{"href":"https:\/\/www.ideidermatologia.com\/noticias\/wp-json\/wp\/v2\/media?parent=286"}],"wp:term":[{"taxonomy":"category","embeddable":true,"href":"https:\/\/www.ideidermatologia.com\/noticias\/wp-json\/wp\/v2\/categories?post=286"},{"taxonomy":"post_tag","embeddable":true,"href":"https:\/\/www.ideidermatologia.com\/noticias\/wp-json\/wp\/v2\/tags?post=286"}],"curies":[{"name":"wp","href":"https:\/\/api.w.org\/{rel}","templated":true}]}}