{"id":12382,"date":"2026-07-31T17:26:00","date_gmt":"2026-07-31T15:26:00","guid":{"rendered":"https:\/\/www.ideidermatologia.com\/noticias\/?p=12382"},"modified":"2026-08-25T11:35:12","modified_gmt":"2026-08-25T09:35:12","slug":"emfusion-y-si-el-problema-no-fuera-hidratar-la-piel-sino-evitar-que-pierda-agua","status":"publish","type":"post","link":"https:\/\/www.ideidermatologia.com\/noticias\/emfusion-y-si-el-problema-no-fuera-hidratar-la-piel-sino-evitar-que-pierda-agua\/","title":{"rendered":"EMFUSI\u00d3N: \u00bfy si el problema no fuera hidratar la piel, sino evitar que pierda agua?"},"content":{"rendered":"\t\t<div data-elementor-type=\"wp-post\" data-elementor-id=\"12382\" class=\"elementor elementor-12382\" data-elementor-post-type=\"post\">\n\t\t\t\t<div class=\"elementor-element elementor-element-2ba7b4d e-flex e-con-boxed e-con e-parent\" data-id=\"2ba7b4d\" data-element_type=\"container\" data-e-type=\"container\">\n\t\t\t\t\t<div class=\"e-con-inner\">\n\t\t\t\t<div class=\"elementor-element elementor-element-689c99ec elementor-widget elementor-widget-text-editor\" data-id=\"689c99ec\" data-element_type=\"widget\" data-e-type=\"widget\" data-widget_type=\"text-editor.default\">\n\t\t\t\t<div class=\"elementor-widget-container\">\n\t\t\t\t\t\t\t\t\t\n<h2 class=\"wp-block-heading\">Cuando pensamos en una piel hidratada, solemos pensar en aportar agua, s\u00e9rums o activos. Pero la dermatolog\u00eda est\u00e1 poniendo cada vez m\u00e1s atenci\u00f3n en otra cuesti\u00f3n igual de importante: la capacidad de la piel para conservar esa hidrataci\u00f3n y mantener una barrera cut\u00e1nea eficaz.<\/h2>\n\n<p class=\"wp-block-paragraph\">Ese cambio de perspectiva ayuda a entender el inter\u00e9s que est\u00e1n despertando tecnolog\u00edas como <a href=\"https:\/\/ideidermatologia.com\/emfusion-tratamiento-barrera-cutanea-dynamiq\/\" target=\"_blank\" rel=\"noopener\"><strong>EMFUSION<\/strong><\/a>, basada en DYNAMiQ\u00ae, que dirige su acci\u00f3n precisamente hacia la funci\u00f3n de la barrera epid\u00e9rmica. (<a href=\"https:\/\/btlaesthetics.com.au\/for-providers\/emfusion-providers\/\">BTL Aesthetics<\/a>)<\/p>\n\n<h2 class=\"wp-block-heading has-text-color has-link-color wp-elements-11\" style=\"color: #00969e;\">Una piel hidratada tambi\u00e9n es una piel que sabe retener agua<\/h2>\n\n<p class=\"wp-block-paragraph\">Nuestra piel pierde agua de forma continua hacia el exterior. Es un proceso natural conocido como <strong>p\u00e9rdida transepid\u00e9rmica de agua o TEWL<\/strong> (<em>Transepidermal Water Loss<\/em>).<\/p>\n\n<p class=\"wp-block-paragraph\">Cuando la barrera cut\u00e1nea funciona correctamente, esa p\u00e9rdida se mantiene controlada. Pero cuando su integridad se altera, la capacidad de retener agua disminuye y la piel puede presentar sequedad, sensaci\u00f3n de tirantez, mayor sensibilidad o una apariencia menos saludable.<\/p>\n\n<p class=\"wp-block-paragraph\">Por eso, la hidrataci\u00f3n no depende exclusivamente de lo que aplicamos sobre la piel.<\/p>\n\n<p class=\"wp-block-paragraph\">Tambi\u00e9n depende de <strong>lo que la propia piel es capaz de conservar<\/strong>.<\/p>\n\n<p class=\"wp-block-paragraph\">La literatura cient\u00edfica considera la TEWL un par\u00e1metro objetivo y no invasivo para valorar la funci\u00f3n de la barrera epid\u00e9rmica: cuanto m\u00e1s elevada es, menor es la capacidad de la piel para limitar la p\u00e9rdida de agua. (<a href=\"https:\/\/pmc.ncbi.nlm.nih.gov\/articles\/PMC13145301\/?utm_source=chatgpt.com\">PubMed Central (PMC)<\/a>)<\/p>\n\n<h2 class=\"wp-block-heading has-text-color has-link-color wp-elements-12\" style=\"color: #00969e;\">La barrera cut\u00e1nea: mucho m\u00e1s que una capa protectora<\/h2>\n\n<p class=\"wp-block-paragraph\">La barrera cut\u00e1nea constituye nuestra primera defensa frente al entorno. Ayuda a protegernos frente a determinados agentes f\u00edsicos, qu\u00edmicos y microbianos y, al mismo tiempo, desempe\u00f1a un papel esencial en la conservaci\u00f3n del agua dentro de la epidermis. (<a href=\"https:\/\/pubmed.ncbi.nlm.nih.gov\/42087425\/?utm_source=chatgpt.com\">PubMed<\/a>)<\/p>\n\n<p class=\"wp-block-paragraph\">Su buen funcionamiento est\u00e1 relacionado, adem\u00e1s, con la textura, el tono y la calidad general de la superficie cut\u00e1nea.<\/p>\n\n<figure class=\"wp-block-image size-full\"><img fetchpriority=\"high\" decoding=\"async\" width=\"740\" height=\"293\" class=\"wp-image-12394\" src=\"https:\/\/www.ideidermatologia.com\/noticias\/wp-content\/uploads\/2026\/08\/Emfusion_Moa_white_EN100_1748434311_original.webp\" alt=\"\" srcset=\"https:\/\/www.ideidermatologia.com\/noticias\/wp-content\/uploads\/2026\/08\/Emfusion_Moa_white_EN100_1748434311_original.webp 740w, https:\/\/www.ideidermatologia.com\/noticias\/wp-content\/uploads\/2026\/08\/Emfusion_Moa_white_EN100_1748434311_original-300x119.webp 300w, https:\/\/www.ideidermatologia.com\/noticias\/wp-content\/uploads\/2026\/08\/Emfusion_Moa_white_EN100_1748434311_original-599x237.webp 599w\" sizes=\"(max-width: 740px) 100vw, 740px\" \/><\/figure>\n\n<p class=\"wp-block-paragraph\">Por eso, cuidar la piel empieza a significar algo m\u00e1s que corregir arrugas, manchas o falta de luminosidad.<\/p>\n\n<p class=\"wp-block-paragraph\">Significa tambi\u00e9n preguntarnos <strong>c\u00f3mo est\u00e1 funcionando esa piel<\/strong>.<\/p>\n\n<ul class=\"wp-block-list\">\n<li>\u00bfRetiene correctamente el agua?<\/li>\n\n<li>\u00bfMantiene su integridad frente al ambiente?<\/li>\n\n<li>\u00bfPuede recuperar adecuadamente su equilibrio?<\/li>\n<\/ul>\n\n<p class=\"wp-block-paragraph\">En este contexto aparece un concepto menos conocido fuera de la dermatolog\u00eda: <strong>el gradiente de calcio de la epidermis<\/strong>.<\/p>\n\n<h2 class=\"wp-block-heading has-text-color has-link-color wp-elements-13\" style=\"color: #00969e;\">\u00bfQu\u00e9 tiene que ver el calcio con nuestra piel?<\/h2>\n\n<p class=\"wp-block-paragraph\">Los iones de calcio participan en distintos procesos celulares de la epidermis y su distribuci\u00f3n interviene en la diferenciaci\u00f3n de los queratinocitos y en la formaci\u00f3n de la barrera cut\u00e1nea.<\/p>\n\n<p class=\"wp-block-paragraph\">El estudio cl\u00ednico publicado sobre DYNAMiQ explica que la alteraci\u00f3n de ese gradiente puede comprometer la homeostasis de la barrera, especialmente con la edad o ante determinados factores externos. (<a href=\"https:\/\/pubmed.ncbi.nlm.nih.gov\/42087425\/?utm_source=chatgpt.com\">PubMed<\/a>)<\/p>\n\n<p class=\"wp-block-paragraph\">Precisamente sobre este mecanismo se ha desarrollado la tecnolog\u00eda <strong>DYNAMiQ\u00ae<\/strong>, incorporada en EMFUSION.<\/p>\n\n<p class=\"wp-block-paragraph\">Seg\u00fan la descripci\u00f3n t\u00e9cnica de BTL, DYNAMiQ induce una denominada <strong>resonancia epid\u00e9rmica mediante oscilaciones mec\u00e1nicas<\/strong>, orientada a estimular los procesos naturales relacionados con la formaci\u00f3n de la barrera cut\u00e1nea. (<a href=\"https:\/\/btlaesthetics.com.au\/for-providers\/emfusion-providers\/\">BTL Aesthetics<\/a>)<\/p>\n\n<p class=\"wp-block-paragraph\">El estudio cient\u00edfico explica el mecanismo con mayor detalle: un transductor convierte energ\u00eda el\u00e9ctrica en oscilaciones mec\u00e1nicas que, aplicadas sobre la superficie cut\u00e1nea, generan movimientos celulares asociados con el flujo y la propagaci\u00f3n de iones de calcio a trav\u00e9s de la epidermis. (<a href=\"https:\/\/pubmed.ncbi.nlm.nih.gov\/42087425\/?utm_source=chatgpt.com\">PubMed<\/a>)<\/p>\n\n<p class=\"wp-block-paragraph\">No estamos, por tanto, ante el concepto cl\u00e1sico de \u201chidratar la piel desde fuera\u201d.<\/p>\n\n<p class=\"wp-block-paragraph\">La propuesta es diferente: <strong>actuar sobre mecanismos relacionados con su propia funci\u00f3n barrera<\/strong>.<\/p>\n\n<h2 class=\"wp-block-heading has-text-color has-link-color wp-elements-14\" style=\"color: #00969e;\">EMFUSION: trabajar sobre la barrera y aportar activos<\/h2>\n\n<p class=\"wp-block-paragraph\">EMFUSION combina DYNAMiQ con formulaciones espec\u00edficas destinadas a acompa\u00f1ar el tratamiento.<\/p>\n\n<p class=\"wp-block-paragraph\">BTL describe un procedimiento en varias fases que incluye acondicionamiento de la superficie cut\u00e1nea, activaci\u00f3n de la barrera, aporte de sustancias y una fase final destinada a reforzar y conservar la hidrataci\u00f3n. (<a href=\"https:\/\/www.btlmedical.com.hk\/emfusion\/\">BTL Hong Kong<\/a>)<\/p>\n\n<p class=\"wp-block-paragraph\">La compa\u00f1\u00eda se\u00f1ala que el objetivo de esta combinaci\u00f3n es mejorar la fortaleza de la barrera, favorecer la hidrataci\u00f3n y conseguir tambi\u00e9n cambios visibles en la calidad de la piel. (<a href=\"https:\/\/btlaesthetics.com.au\/for-providers\/emfusion-providers\/\">BTL Aesthetics<\/a>)<\/p>\n\n<p class=\"wp-block-paragraph\">Pero lo especialmente interesante es que algunos de estos efectos ya han comenzado a evaluarse mediante par\u00e1metros objetivos.<\/p>\n\n<h2 class=\"wp-block-heading has-text-color has-link-color wp-elements-15\" style=\"color: #00969e;\">\u00bfQu\u00e9 ocurre despu\u00e9s de una sesi\u00f3n?<\/h2>\n\n<p class=\"wp-block-paragraph\">En mayo de 2026, el <em>Journal of Cosmetic Dermatology<\/em> public\u00f3 el estudio <strong>\u201cEnhancement of Skin Barrier Function Using DYNAMiQ Technology: A Clinical Evaluation\u201d<\/strong>, centrado espec\u00edficamente en analizar la capacidad de esta tecnolog\u00eda para mejorar la funci\u00f3n barrera. (<a href=\"https:\/\/pmc.ncbi.nlm.nih.gov\/articles\/PMC13145301\/?utm_source=chatgpt.com\">PubMed Central (PMC)<\/a>)<\/p>\n\n<p class=\"wp-block-paragraph\">La investigaci\u00f3n incluy\u00f3 a <strong>24 mujeres de entre 26 y 64 a\u00f1os con piel facial con tendencia a la sequedad<\/strong>.<\/p>\n\n<p class=\"wp-block-paragraph\">Todas recibieron una \u00fanica sesi\u00f3n de tratamiento. Los investigadores midieron la p\u00e9rdida transepid\u00e9rmica de agua antes del procedimiento, inmediatamente despu\u00e9s y siete d\u00edas m\u00e1s tarde. (<a href=\"https:\/\/pmc.ncbi.nlm.nih.gov\/articles\/PMC13145301\/?utm_source=chatgpt.com\">PubMed Central (PMC)<\/a>)<\/p>\n\n<p class=\"wp-block-paragraph\">Los resultados son interesantes.<\/p>\n\n<p class=\"wp-block-paragraph\">La TEWL media era inicialmente de <strong>11,95 g\/m\u00b2\/h<\/strong>. Inmediatamente despu\u00e9s de la sesi\u00f3n aument\u00f3 ligeramente hasta 12,70 g\/m\u00b2\/h.<\/p>\n\n<p class=\"wp-block-paragraph\">Sin embargo, siete d\u00edas despu\u00e9s hab\u00eda descendido hasta <strong>6,63 g\/m\u00b2\/h<\/strong>.<\/p>\n\n<p class=\"wp-block-paragraph\">Los autores describieron este cambio como una <strong>mejora del 80,3 % en la p\u00e9rdida de vapor de agua<\/strong>, con significaci\u00f3n estad\u00edstica. (<a href=\"https:\/\/pmc.ncbi.nlm.nih.gov\/articles\/PMC13145301\/?utm_source=chatgpt.com\">PubMed Central (PMC)<\/a>)<\/p>\n\n<p class=\"wp-block-paragraph\">Dicho de una manera m\u00e1s sencilla: una semana despu\u00e9s del tratamiento, la piel de las participantes mostraba objetivamente <strong>una mayor capacidad para limitar la p\u00e9rdida de agua<\/strong>.<\/p>\n\n<h2 class=\"wp-block-heading has-text-color has-link-color wp-elements-16\" style=\"color: #00969e;\">Y las pacientes tambi\u00e9n percibieron el cambio<\/h2>\n\n<p class=\"wp-block-paragraph\">Adem\u00e1s de las mediciones instrumentales, los investigadores recogieron la valoraci\u00f3n de las participantes.<\/p>\n\n<p class=\"wp-block-paragraph\">El <strong>96 % manifest\u00f3 que su piel se sent\u00eda m\u00e1s hidratada y nutrida<\/strong>, mientras que el 100 % declar\u00f3 estar satisfecha con los resultados obtenidos.<\/p>\n\n<figure class=\"wp-block-gallery has-nested-images columns-default is-cropped wp-block-gallery-2 is-layout-flex wp-block-gallery-is-layout-flex\">\n<figure class=\"wp-block-image size-large\"><img decoding=\"async\" width=\"1680\" height=\"596\" data-id=\"12389\" class=\"wp-image-12389\" title=\"EMFUSION: trabajar sobre la barrera y aportar activos\" src=\"https:\/\/www.ideidermatologia.com\/noticias\/wp-content\/uploads\/2026\/08\/Captura-de-pantalla-2026-08-24-a-las-14.09.37.png\" alt=\"EMFUSION: trabajar sobre la barrera y aportar activos\" srcset=\"https:\/\/www.ideidermatologia.com\/noticias\/wp-content\/uploads\/2026\/08\/Captura-de-pantalla-2026-08-24-a-las-14.09.37.png 1680w, https:\/\/www.ideidermatologia.com\/noticias\/wp-content\/uploads\/2026\/08\/Captura-de-pantalla-2026-08-24-a-las-14.09.37-300x106.png 300w, https:\/\/www.ideidermatologia.com\/noticias\/wp-content\/uploads\/2026\/08\/Captura-de-pantalla-2026-08-24-a-las-14.09.37-767x272.png 767w, https:\/\/www.ideidermatologia.com\/noticias\/wp-content\/uploads\/2026\/08\/Captura-de-pantalla-2026-08-24-a-las-14.09.37-1024x363.png 1024w, https:\/\/www.ideidermatologia.com\/noticias\/wp-content\/uploads\/2026\/08\/Captura-de-pantalla-2026-08-24-a-las-14.09.37-1536x545.png 1536w, https:\/\/www.ideidermatologia.com\/noticias\/wp-content\/uploads\/2026\/08\/Captura-de-pantalla-2026-08-24-a-las-14.09.37-598x212.png 598w\" sizes=\"(max-width: 1680px) 100vw, 1680px\" \/>\n<figcaption class=\"wp-element-caption\">Antes y Despu\u00e9s tras 7 d\u00edas posteriores a la sesi\u00f3n<\/figcaption>\n<\/figure>\n<div class=\"wp-block-image\">\n<figure class=\"alignleft size-large\"><img decoding=\"async\" width=\"1024\" height=\"358\" data-id=\"12388\" class=\"wp-image-12388\" title=\"Resultados positivos con EMFUSION\" src=\"https:\/\/www.ideidermatologia.com\/noticias\/wp-content\/uploads\/2026\/08\/Captura-de-pantalla-2026-08-24-a-las-14.09.47-1024x358.png\" alt=\"Resultados positivos con EMFUSION\" srcset=\"https:\/\/www.ideidermatologia.com\/noticias\/wp-content\/uploads\/2026\/08\/Captura-de-pantalla-2026-08-24-a-las-14.09.47-1024x358.png 1024w, https:\/\/www.ideidermatologia.com\/noticias\/wp-content\/uploads\/2026\/08\/Captura-de-pantalla-2026-08-24-a-las-14.09.47-300x105.png 300w, https:\/\/www.ideidermatologia.com\/noticias\/wp-content\/uploads\/2026\/08\/Captura-de-pantalla-2026-08-24-a-las-14.09.47-766x268.png 766w, https:\/\/www.ideidermatologia.com\/noticias\/wp-content\/uploads\/2026\/08\/Captura-de-pantalla-2026-08-24-a-las-14.09.47-1536x538.png 1536w, https:\/\/www.ideidermatologia.com\/noticias\/wp-content\/uploads\/2026\/08\/Captura-de-pantalla-2026-08-24-a-las-14.09.47-597x209.png 597w, https:\/\/www.ideidermatologia.com\/noticias\/wp-content\/uploads\/2026\/08\/Captura-de-pantalla-2026-08-24-a-las-14.09.47.png 1686w\" sizes=\"(max-width: 1024px) 100vw, 1024px\" \/>\n<figcaption class=\"wp-element-caption\">Antes y Despu\u00e9s tras 7 d\u00edas posteriores a la sesi\u00f3n<\/figcaption>\n<\/figure>\n<\/div>\n<figure class=\"wp-block-image size-large\"><img loading=\"lazy\" decoding=\"async\" width=\"1682\" height=\"590\" data-id=\"12390\" class=\"wp-image-12390\" title=\"Una piel hidratada tambi\u00e9n es una piel que sabe retener agua\" src=\"https:\/\/www.ideidermatologia.com\/noticias\/wp-content\/uploads\/2026\/08\/Captura-de-pantalla-2026-08-24-a-las-14.10.13.png\" alt=\"Una piel hidratada tambi\u00e9n es una piel que sabe retener agua\" srcset=\"https:\/\/www.ideidermatologia.com\/noticias\/wp-content\/uploads\/2026\/08\/Captura-de-pantalla-2026-08-24-a-las-14.10.13.png 1682w, https:\/\/www.ideidermatologia.com\/noticias\/wp-content\/uploads\/2026\/08\/Captura-de-pantalla-2026-08-24-a-las-14.10.13-300x105.png 300w, https:\/\/www.ideidermatologia.com\/noticias\/wp-content\/uploads\/2026\/08\/Captura-de-pantalla-2026-08-24-a-las-14.10.13-767x269.png 767w, https:\/\/www.ideidermatologia.com\/noticias\/wp-content\/uploads\/2026\/08\/Captura-de-pantalla-2026-08-24-a-las-14.10.13-1024x359.png 1024w, https:\/\/www.ideidermatologia.com\/noticias\/wp-content\/uploads\/2026\/08\/Captura-de-pantalla-2026-08-24-a-las-14.10.13-1536x539.png 1536w, https:\/\/www.ideidermatologia.com\/noticias\/wp-content\/uploads\/2026\/08\/Captura-de-pantalla-2026-08-24-a-las-14.10.13-599x210.png 599w\" sizes=\"(max-width: 1682px) 100vw, 1682px\" \/><\/figure>\n<\/figure>\n\n<p class=\"wp-block-paragraph\">En cuanto a la tolerabilidad, todas calificaron el procedimiento como confortable y el 96 % puntu\u00f3 el dolor como 0 sobre 10. No se registraron acontecimientos adversos durante el estudio. (<a href=\"https:\/\/pmc.ncbi.nlm.nih.gov\/articles\/PMC13145301\/?utm_source=chatgpt.com\">PubMed Central (PMC)<\/a>)<\/p>\n\n<p class=\"wp-block-paragraph\">La combinaci\u00f3n de una medici\u00f3n fisiol\u00f3gica como la TEWL con la percepci\u00f3n de las pacientes aporta un elemento especialmente interesante: el cambio no se limit\u00f3 \u00fanicamente a c\u00f3mo \u201cse ve\u00eda\u201d la piel.<\/p>\n\n<p class=\"wp-block-paragraph\">Tambi\u00e9n se observ\u00f3 una modificaci\u00f3n cuantificable en su funci\u00f3n barrera.<\/p>\n\n<h2 class=\"wp-block-heading has-text-color has-link-color wp-elements-17\" style=\"color: #00969e;\">Resultados positivos con EMFUSION<\/h2>\n\n<p class=\"wp-block-paragraph\">Como sucede con cualquier tecnolog\u00eda reciente, conviene interpretar estos resultados con criterio.<\/p>\n\n<p class=\"wp-block-paragraph\">El estudio incluy\u00f3 \u00fanicamente a <strong>24 participantes<\/strong>, se realiz\u00f3 en un solo centro y el seguimiento se limit\u00f3 a siete d\u00edas despu\u00e9s de una \u00fanica sesi\u00f3n.<\/p>\n\n<p class=\"wp-block-paragraph\">Por tanto, todav\u00eda son necesarios trabajos con muestras mayores y periodos de seguimiento m\u00e1s prolongados para determinar cu\u00e1nto duran los efectos, c\u00f3mo evolucionan con varias sesiones y qu\u00e9 perfiles de paciente pueden beneficiarse m\u00e1s.<\/p>\n\n<p class=\"wp-block-paragraph\">La propia publicaci\u00f3n recoge adem\u00e1s que todos los autores act\u00faan como investigadores cl\u00ednicos para BTL, aunque indica que no recibieron financiaci\u00f3n ni apoyo econ\u00f3mico para la investigaci\u00f3n, autor\u00eda o publicaci\u00f3n del estudio. (<a href=\"https:\/\/pubmed.ncbi.nlm.nih.gov\/42087425\/?utm_source=chatgpt.com\">PubMed<\/a>)<\/p>\n\n<p class=\"wp-block-paragraph\">Son aspectos importantes para valorar correctamente el alcance de la evidencia.<\/p>\n\n<p class=\"wp-block-paragraph\">Pero los datos aportan una primera se\u00f1al cl\u00ednicamente relevante: <strong>la funci\u00f3n barrera puede convertirse tambi\u00e9n en un objetivo medible dentro de los tratamientos destinados a mejorar la calidad cut\u00e1nea.<\/strong><\/p>\n\n<h2 class=\"wp-block-heading has-text-color has-link-color wp-elements-18\" style=\"color: #00969e;\">\u00bfEstamos cambiando nuestra idea de lo que significa \u201ctener buena piel\u201d?<\/h2>\n\n<p class=\"wp-block-paragraph\">Probablemente esta sea la cuesti\u00f3n m\u00e1s interesante.<\/p>\n\n<p class=\"wp-block-paragraph\">Durante mucho tiempo hemos asociado una buena piel principalmente con aquello que vemos: luminosidad, firmeza, ausencia de manchas, textura uniforme o menos arrugas.<\/p>\n\n<p class=\"wp-block-paragraph\">La dermatolog\u00eda actual incorpora cada vez m\u00e1s otra dimensi\u00f3n.<\/p>\n\n<p class=\"wp-block-paragraph\">Una piel de calidad tambi\u00e9n es una piel que <strong>funciona correctamente<\/strong>.<\/p>\n\n<ul class=\"wp-block-list\">\n<li>Una piel que consigue mantener mejor su hidrataci\u00f3n.<\/li>\n\n<li>Que conserva su capacidad de defensa.<\/li>\n\n<li>Que responde adecuadamente frente al entorno.<\/li>\n\n<li>Y cuya barrera mantiene el equilibrio necesario para desarrollar su funci\u00f3n.<\/li>\n<\/ul>\n\n<p class=\"wp-block-paragraph\">Tecnolog\u00edas como <strong>DYNAMiQ<\/strong> trasladan esta idea al terreno de los tratamientos dermatol\u00f3gicos: mejorar el aspecto de la piel puede pasar tambi\u00e9n por intentar mejorar algunos de los mecanismos que sustentan su salud.<\/p>\n\n<p class=\"wp-block-paragraph\">Quiz\u00e1 por eso, cuando hablemos de hidrataci\u00f3n, tendremos que empezar a cambiar ligeramente la pregunta.<\/p>\n\n<p class=\"wp-block-paragraph\">No pensar \u00fanicamente&#8230;<\/p>\n\n<blockquote class=\"wp-block-quote is-layout-flow wp-block-quote-is-layout-flow\">\n<p class=\"has-text-color has-link-color has-medium-font-size wp-elements-19 wp-block-paragraph\" style=\"color: #00969e;\"><strong>\u00bfQu\u00e9 podemos aportar a la piel? <\/strong><br \/>sino tambi\u00e9n; <br \/><strong>\u00bfQu\u00e9 podemos hacer para que sea capaz de conservarlo mejor?<\/strong><br \/>Porque una piel hidratada no es s\u00f3lo la que recibe m\u00e1s<br \/><strong>Tambi\u00e9n es la que pierde menos<\/strong><\/p>\n<\/blockquote>\n\n<h4 class=\"wp-block-heading has-black-color has-text-color has-link-color wp-elements-20\">\u00bfQuieres conocer m\u00e1s sobre el tratamiento EMFUSI\u00d3N? <br \/><a href=\"https:\/\/ideidermatologia.com\/contacto-sede-zurbano\/\">Contacta con nuestro equipo de dermat\u00f3logos<\/a><\/h4>\n\n<div class=\"wp-block-buttons is-layout-flex wp-block-buttons-is-layout-flex\">\n<div class=\"wp-block-button is-style-fill\"><a class=\"wp-block-button__link wp-element-button\" href=\"https:\/\/ideidermatologia.com\/contacto-sede-zurbano\/\">Contacta con IDEI<\/a><\/div>\n<\/div>\n\n<p class=\"wp-block-paragraph\">\u00a0<\/p>\n\t\t\t\t\t\t\t\t<\/div>\n\t\t\t\t<\/div>\n\t\t\t\t\t<\/div>\n\t\t\t\t<\/div>\n\t\t<div class=\"elementor-element elementor-element-257319b e-flex e-con-boxed e-con e-parent\" data-id=\"257319b\" data-element_type=\"container\" data-e-type=\"container\">\n\t\t\t\t\t<div class=\"e-con-inner\">\n\t\t\t\t<div class=\"elementor-element elementor-element-c3633e9 elementor-widget elementor-widget-heading\" data-id=\"c3633e9\" data-element_type=\"widget\" data-e-type=\"widget\" data-widget_type=\"heading.default\">\n\t\t\t\t<div class=\"elementor-widget-container\">\n\t\t\t\t\t<h2 class=\"elementor-heading-title elementor-size-default\">Preguntas frecuentes sobre EMFUSION<\/h2>\t\t\t\t<\/div>\n\t\t\t\t<\/div>\n\t\t\t\t<div class=\"elementor-element elementor-element-897a8e0 elementor-widget elementor-widget-n-accordion\" data-id=\"897a8e0\" data-element_type=\"widget\" data-e-type=\"widget\" data-settings=\"{&quot;default_state&quot;:&quot;expanded&quot;,&quot;max_items_expended&quot;:&quot;one&quot;,&quot;n_accordion_animation_duration&quot;:{&quot;unit&quot;:&quot;ms&quot;,&quot;size&quot;:400,&quot;sizes&quot;:[]}}\" data-widget_type=\"nested-accordion.default\">\n\t\t\t\t<div class=\"elementor-widget-container\">\n\t\t\t\t\t\t\t<div class=\"e-n-accordion\" aria-label=\"Accordion. Open links with Enter or Space, close with Escape, and navigate with Arrow Keys\">\n\t\t\t\t\t\t<details id=\"e-n-accordion-item-1440\" class=\"e-n-accordion-item\" open>\n\t\t\t\t<summary class=\"e-n-accordion-item-title\" data-accordion-index=\"1\" tabindex=\"0\" aria-expanded=\"true\" aria-controls=\"e-n-accordion-item-1440\" >\n\t\t\t\t\t<span class='e-n-accordion-item-title-header'><div class=\"e-n-accordion-item-title-text\"> \u00bfQu\u00e9 es EMFUSION? <\/div><\/span>\n\t\t\t\t\t\t\t<span class='e-n-accordion-item-title-icon'>\n\t\t\t<span class='e-opened' ><svg aria-hidden=\"true\" class=\"e-font-icon-svg e-fas-minus\" viewBox=\"0 0 448 512\" xmlns=\"http:\/\/www.w3.org\/2000\/svg\"><path d=\"M416 208H32c-17.67 0-32 14.33-32 32v32c0 17.67 14.33 32 32 32h384c17.67 0 32-14.33 32-32v-32c0-17.67-14.33-32-32-32z\"><\/path><\/svg><\/span>\n\t\t\t<span class='e-closed'><svg aria-hidden=\"true\" class=\"e-font-icon-svg e-fas-plus\" viewBox=\"0 0 448 512\" xmlns=\"http:\/\/www.w3.org\/2000\/svg\"><path d=\"M416 208H272V64c0-17.67-14.33-32-32-32h-32c-17.67 0-32 14.33-32 32v144H32c-17.67 0-32 14.33-32 32v32c0 17.67 14.33 32 32 32h144v144c0 17.67 14.33 32 32 32h32c17.67 0 32-14.33 32-32V304h144c17.67 0 32-14.33 32-32v-32c0-17.67-14.33-32-32-32z\"><\/path><\/svg><\/span>\n\t\t<\/span>\n\n\t\t\t\t\t\t<\/summary>\n\t\t\t\t<div role=\"region\" aria-labelledby=\"e-n-accordion-item-1440\" class=\"elementor-element elementor-element-bde656e e-con-full e-flex e-con e-child\" data-id=\"bde656e\" data-element_type=\"container\" data-e-type=\"container\">\n\t\t\t\t<div class=\"elementor-element elementor-element-b3d8e9d elementor-widget elementor-widget-text-editor\" data-id=\"b3d8e9d\" data-element_type=\"widget\" data-e-type=\"widget\" data-widget_type=\"text-editor.default\">\n\t\t\t\t<div class=\"elementor-widget-container\">\n\t\t\t\t\t\t\t\t\t<p>EMFUSION es un procedimiento dermatol\u00f3gico no invasivo que utiliza la tecnolog\u00eda DYNAMiQ\u00ae para estimular procesos relacionados con la funci\u00f3n de la barrera cut\u00e1nea y favorecer la hidrataci\u00f3n y calidad de la piel.<\/p>\t\t\t\t\t\t\t\t<\/div>\n\t\t\t\t<\/div>\n\t\t\t\t<\/div>\n\t\t\t\t\t<\/details>\n\t\t\t\t\t\t<details id=\"e-n-accordion-item-1441\" class=\"e-n-accordion-item\" >\n\t\t\t\t<summary class=\"e-n-accordion-item-title\" data-accordion-index=\"2\" tabindex=\"-1\" aria-expanded=\"false\" aria-controls=\"e-n-accordion-item-1441\" >\n\t\t\t\t\t<span class='e-n-accordion-item-title-header'><div class=\"e-n-accordion-item-title-text\"> \u00bfPara qu\u00e9 sirve EMFUSION? <\/div><\/span>\n\t\t\t\t\t\t\t<span class='e-n-accordion-item-title-icon'>\n\t\t\t<span class='e-opened' ><svg aria-hidden=\"true\" class=\"e-font-icon-svg e-fas-minus\" viewBox=\"0 0 448 512\" xmlns=\"http:\/\/www.w3.org\/2000\/svg\"><path d=\"M416 208H32c-17.67 0-32 14.33-32 32v32c0 17.67 14.33 32 32 32h384c17.67 0 32-14.33 32-32v-32c0-17.67-14.33-32-32-32z\"><\/path><\/svg><\/span>\n\t\t\t<span class='e-closed'><svg aria-hidden=\"true\" class=\"e-font-icon-svg e-fas-plus\" viewBox=\"0 0 448 512\" xmlns=\"http:\/\/www.w3.org\/2000\/svg\"><path d=\"M416 208H272V64c0-17.67-14.33-32-32-32h-32c-17.67 0-32 14.33-32 32v144H32c-17.67 0-32 14.33-32 32v32c0 17.67 14.33 32 32 32h144v144c0 17.67 14.33 32 32 32h32c17.67 0 32-14.33 32-32V304h144c17.67 0 32-14.33 32-32v-32c0-17.67-14.33-32-32-32z\"><\/path><\/svg><\/span>\n\t\t<\/span>\n\n\t\t\t\t\t\t<\/summary>\n\t\t\t\t<div role=\"region\" aria-labelledby=\"e-n-accordion-item-1441\" class=\"elementor-element elementor-element-2ce59e0 e-con-full e-flex e-con e-child\" data-id=\"2ce59e0\" data-element_type=\"container\" data-e-type=\"container\">\n\t\t\t\t<div class=\"elementor-element elementor-element-5dfb2d2 elementor-widget elementor-widget-text-editor\" data-id=\"5dfb2d2\" data-element_type=\"widget\" data-e-type=\"widget\" data-widget_type=\"text-editor.default\">\n\t\t\t\t<div class=\"elementor-widget-container\">\n\t\t\t\t\t\t\t\t\t<p>Su principal objetivo es mejorar la funci\u00f3n barrera de la piel, ayudando a reducir la p\u00e9rdida de agua y favoreciendo una piel m\u00e1s hidratada, confortable, luminosa y resistente.<\/p>\t\t\t\t\t\t\t\t<\/div>\n\t\t\t\t<\/div>\n\t\t\t\t<\/div>\n\t\t\t\t\t<\/details>\n\t\t\t\t\t\t<details id=\"e-n-accordion-item-1442\" class=\"e-n-accordion-item\" >\n\t\t\t\t<summary class=\"e-n-accordion-item-title\" data-accordion-index=\"3\" tabindex=\"-1\" aria-expanded=\"false\" aria-controls=\"e-n-accordion-item-1442\" >\n\t\t\t\t\t<span class='e-n-accordion-item-title-header'><div class=\"e-n-accordion-item-title-text\"> \u00bfQu\u00e9 es la tecnolog\u00eda DYNAMiQ? <\/div><\/span>\n\t\t\t\t\t\t\t<span class='e-n-accordion-item-title-icon'>\n\t\t\t<span class='e-opened' ><svg aria-hidden=\"true\" class=\"e-font-icon-svg e-fas-minus\" viewBox=\"0 0 448 512\" xmlns=\"http:\/\/www.w3.org\/2000\/svg\"><path d=\"M416 208H32c-17.67 0-32 14.33-32 32v32c0 17.67 14.33 32 32 32h384c17.67 0 32-14.33 32-32v-32c0-17.67-14.33-32-32-32z\"><\/path><\/svg><\/span>\n\t\t\t<span class='e-closed'><svg aria-hidden=\"true\" class=\"e-font-icon-svg e-fas-plus\" viewBox=\"0 0 448 512\" xmlns=\"http:\/\/www.w3.org\/2000\/svg\"><path d=\"M416 208H272V64c0-17.67-14.33-32-32-32h-32c-17.67 0-32 14.33-32 32v144H32c-17.67 0-32 14.33-32 32v32c0 17.67 14.33 32 32 32h144v144c0 17.67 14.33 32 32 32h32c17.67 0 32-14.33 32-32V304h144c17.67 0 32-14.33 32-32v-32c0-17.67-14.33-32-32-32z\"><\/path><\/svg><\/span>\n\t\t<\/span>\n\n\t\t\t\t\t\t<\/summary>\n\t\t\t\t<div role=\"region\" aria-labelledby=\"e-n-accordion-item-1442\" class=\"elementor-element elementor-element-18f8ee6 e-con-full e-flex e-con e-child\" data-id=\"18f8ee6\" data-element_type=\"container\" data-e-type=\"container\">\n\t\t\t\t<div class=\"elementor-element elementor-element-a6ef245 elementor-widget elementor-widget-text-editor\" data-id=\"a6ef245\" data-element_type=\"widget\" data-e-type=\"widget\" data-widget_type=\"text-editor.default\">\n\t\t\t\t<div class=\"elementor-widget-container\">\n\t\t\t\t\t\t\t\t\t<p>Es una tecnolog\u00eda que genera oscilaciones mec\u00e1nicas de baja frecuencia sobre la epidermis. Estas oscilaciones inducen respuestas relacionadas con el flujo de calcio epid\u00e9rmico, un elemento implicado en los procesos de formaci\u00f3n y reparaci\u00f3n de la barrera cut\u00e1nea.<\/p>\t\t\t\t\t\t\t\t<\/div>\n\t\t\t\t<\/div>\n\t\t\t\t<\/div>\n\t\t\t\t\t<\/details>\n\t\t\t\t\t\t<details id=\"e-n-accordion-item-1443\" class=\"e-n-accordion-item\" >\n\t\t\t\t<summary class=\"e-n-accordion-item-title\" data-accordion-index=\"4\" tabindex=\"-1\" aria-expanded=\"false\" aria-controls=\"e-n-accordion-item-1443\" >\n\t\t\t\t\t<span class='e-n-accordion-item-title-header'><div class=\"e-n-accordion-item-title-text\"> \u00bfEMFUSION duele? <\/div><\/span>\n\t\t\t\t\t\t\t<span class='e-n-accordion-item-title-icon'>\n\t\t\t<span class='e-opened' ><svg aria-hidden=\"true\" class=\"e-font-icon-svg e-fas-minus\" viewBox=\"0 0 448 512\" xmlns=\"http:\/\/www.w3.org\/2000\/svg\"><path d=\"M416 208H32c-17.67 0-32 14.33-32 32v32c0 17.67 14.33 32 32 32h384c17.67 0 32-14.33 32-32v-32c0-17.67-14.33-32-32-32z\"><\/path><\/svg><\/span>\n\t\t\t<span class='e-closed'><svg aria-hidden=\"true\" class=\"e-font-icon-svg e-fas-plus\" viewBox=\"0 0 448 512\" xmlns=\"http:\/\/www.w3.org\/2000\/svg\"><path d=\"M416 208H272V64c0-17.67-14.33-32-32-32h-32c-17.67 0-32 14.33-32 32v144H32c-17.67 0-32 14.33-32 32v32c0 17.67 14.33 32 32 32h144v144c0 17.67 14.33 32 32 32h32c17.67 0 32-14.33 32-32V304h144c17.67 0 32-14.33 32-32v-32c0-17.67-14.33-32-32-32z\"><\/path><\/svg><\/span>\n\t\t<\/span>\n\n\t\t\t\t\t\t<\/summary>\n\t\t\t\t<div role=\"region\" aria-labelledby=\"e-n-accordion-item-1443\" class=\"elementor-element elementor-element-b52cedb e-con-full e-flex e-con e-child\" data-id=\"b52cedb\" data-element_type=\"container\" data-e-type=\"container\">\n\t\t\t\t<div class=\"elementor-element elementor-element-afaabda elementor-widget elementor-widget-text-editor\" data-id=\"afaabda\" data-element_type=\"widget\" data-e-type=\"widget\" data-widget_type=\"text-editor.default\">\n\t\t\t\t<div class=\"elementor-widget-container\">\n\t\t\t\t\t\t\t\t\t<p>En el estudio cl\u00ednico publicado, el 96 % de las participantes puntu\u00f3 el dolor como 0 sobre 10 y todas calificaron el procedimiento como confortable.<\/p>\t\t\t\t\t\t\t\t<\/div>\n\t\t\t\t<\/div>\n\t\t\t\t<\/div>\n\t\t\t\t\t<\/details>\n\t\t\t\t\t\t<details id=\"e-n-accordion-item-1444\" class=\"e-n-accordion-item\" >\n\t\t\t\t<summary class=\"e-n-accordion-item-title\" data-accordion-index=\"5\" tabindex=\"-1\" aria-expanded=\"false\" aria-controls=\"e-n-accordion-item-1444\" >\n\t\t\t\t\t<span class='e-n-accordion-item-title-header'><div class=\"e-n-accordion-item-title-text\"> \u00bfCu\u00e1nto dura una sesi\u00f3n? <\/div><\/span>\n\t\t\t\t\t\t\t<span class='e-n-accordion-item-title-icon'>\n\t\t\t<span class='e-opened' ><svg aria-hidden=\"true\" class=\"e-font-icon-svg e-fas-minus\" viewBox=\"0 0 448 512\" xmlns=\"http:\/\/www.w3.org\/2000\/svg\"><path d=\"M416 208H32c-17.67 0-32 14.33-32 32v32c0 17.67 14.33 32 32 32h384c17.67 0 32-14.33 32-32v-32c0-17.67-14.33-32-32-32z\"><\/path><\/svg><\/span>\n\t\t\t<span class='e-closed'><svg aria-hidden=\"true\" class=\"e-font-icon-svg e-fas-plus\" viewBox=\"0 0 448 512\" xmlns=\"http:\/\/www.w3.org\/2000\/svg\"><path d=\"M416 208H272V64c0-17.67-14.33-32-32-32h-32c-17.67 0-32 14.33-32 32v144H32c-17.67 0-32 14.33-32 32v32c0 17.67 14.33 32 32 32h144v144c0 17.67 14.33 32 32 32h32c17.67 0 32-14.33 32-32V304h144c17.67 0 32-14.33 32-32v-32c0-17.67-14.33-32-32-32z\"><\/path><\/svg><\/span>\n\t\t<\/span>\n\n\t\t\t\t\t\t<\/summary>\n\t\t\t\t<div role=\"region\" aria-labelledby=\"e-n-accordion-item-1444\" class=\"elementor-element elementor-element-5e10a2e e-con-full e-flex e-con e-child\" data-id=\"5e10a2e\" data-element_type=\"container\" data-e-type=\"container\">\n\t\t\t\t<div class=\"elementor-element elementor-element-82adf70 elementor-widget elementor-widget-text-editor\" data-id=\"82adf70\" data-element_type=\"widget\" data-e-type=\"widget\" data-widget_type=\"text-editor.default\">\n\t\t\t\t<div class=\"elementor-widget-container\">\n\t\t\t\t\t\t\t\t\t<p>El protocolo utilizado en el estudio cl\u00ednico tuvo una duraci\u00f3n aproximada de 25 minutos. La duraci\u00f3n concreta puede depender del protocolo indicado por el especialista.<\/p>\t\t\t\t\t\t\t\t<\/div>\n\t\t\t\t<\/div>\n\t\t\t\t<\/div>\n\t\t\t\t\t<\/details>\n\t\t\t\t\t\t<details id=\"e-n-accordion-item-1445\" class=\"e-n-accordion-item\" >\n\t\t\t\t<summary class=\"e-n-accordion-item-title\" data-accordion-index=\"6\" tabindex=\"-1\" aria-expanded=\"false\" aria-controls=\"e-n-accordion-item-1445\" >\n\t\t\t\t\t<span class='e-n-accordion-item-title-header'><div class=\"e-n-accordion-item-title-text\"> \u00bfCu\u00e1ndo se empiezan a notar los resultados? <\/div><\/span>\n\t\t\t\t\t\t\t<span class='e-n-accordion-item-title-icon'>\n\t\t\t<span class='e-opened' ><svg aria-hidden=\"true\" class=\"e-font-icon-svg e-fas-minus\" viewBox=\"0 0 448 512\" xmlns=\"http:\/\/www.w3.org\/2000\/svg\"><path d=\"M416 208H32c-17.67 0-32 14.33-32 32v32c0 17.67 14.33 32 32 32h384c17.67 0 32-14.33 32-32v-32c0-17.67-14.33-32-32-32z\"><\/path><\/svg><\/span>\n\t\t\t<span class='e-closed'><svg aria-hidden=\"true\" class=\"e-font-icon-svg e-fas-plus\" viewBox=\"0 0 448 512\" xmlns=\"http:\/\/www.w3.org\/2000\/svg\"><path d=\"M416 208H272V64c0-17.67-14.33-32-32-32h-32c-17.67 0-32 14.33-32 32v144H32c-17.67 0-32 14.33-32 32v32c0 17.67 14.33 32 32 32h144v144c0 17.67 14.33 32 32 32h32c17.67 0 32-14.33 32-32V304h144c17.67 0 32-14.33 32-32v-32c0-17.67-14.33-32-32-32z\"><\/path><\/svg><\/span>\n\t\t<\/span>\n\n\t\t\t\t\t\t<\/summary>\n\t\t\t\t<div role=\"region\" aria-labelledby=\"e-n-accordion-item-1445\" class=\"elementor-element elementor-element-1d52c4d e-con-full e-flex e-con e-child\" data-id=\"1d52c4d\" data-element_type=\"container\" data-e-type=\"container\">\n\t\t\t\t<div class=\"elementor-element elementor-element-1de3096 elementor-widget elementor-widget-text-editor\" data-id=\"1de3096\" data-element_type=\"widget\" data-e-type=\"widget\" data-widget_type=\"text-editor.default\">\n\t\t\t\t<div class=\"elementor-widget-container\">\n\t\t\t\t\t\t\t\t\t<p>Pueden observarse cambios en hidrataci\u00f3n y apariencia de la piel tras el tratamiento. En el estudio disponible, la mejor\u00eda objetiva de la funci\u00f3n barrera fue evaluada siete d\u00edas despu\u00e9s de una \u00fanica sesi\u00f3n. Los resultados individuales pueden variar.<\/p>\t\t\t\t\t\t\t\t<\/div>\n\t\t\t\t<\/div>\n\t\t\t\t<\/div>\n\t\t\t\t\t<\/details>\n\t\t\t\t\t\t<details id=\"e-n-accordion-item-1446\" class=\"e-n-accordion-item\" >\n\t\t\t\t<summary class=\"e-n-accordion-item-title\" data-accordion-index=\"7\" tabindex=\"-1\" aria-expanded=\"false\" aria-controls=\"e-n-accordion-item-1446\" >\n\t\t\t\t\t<span class='e-n-accordion-item-title-header'><div class=\"e-n-accordion-item-title-text\"> \u00bfCu\u00e1ntas sesiones de EMFUSION son necesarias? <\/div><\/span>\n\t\t\t\t\t\t\t<span class='e-n-accordion-item-title-icon'>\n\t\t\t<span class='e-opened' ><svg aria-hidden=\"true\" class=\"e-font-icon-svg e-fas-minus\" viewBox=\"0 0 448 512\" xmlns=\"http:\/\/www.w3.org\/2000\/svg\"><path d=\"M416 208H32c-17.67 0-32 14.33-32 32v32c0 17.67 14.33 32 32 32h384c17.67 0 32-14.33 32-32v-32c0-17.67-14.33-32-32-32z\"><\/path><\/svg><\/span>\n\t\t\t<span class='e-closed'><svg aria-hidden=\"true\" class=\"e-font-icon-svg e-fas-plus\" viewBox=\"0 0 448 512\" xmlns=\"http:\/\/www.w3.org\/2000\/svg\"><path d=\"M416 208H272V64c0-17.67-14.33-32-32-32h-32c-17.67 0-32 14.33-32 32v144H32c-17.67 0-32 14.33-32 32v32c0 17.67 14.33 32 32 32h144v144c0 17.67 14.33 32 32 32h32c17.67 0 32-14.33 32-32V304h144c17.67 0 32-14.33 32-32v-32c0-17.67-14.33-32-32-32z\"><\/path><\/svg><\/span>\n\t\t<\/span>\n\n\t\t\t\t\t\t<\/summary>\n\t\t\t\t<div role=\"region\" aria-labelledby=\"e-n-accordion-item-1446\" class=\"elementor-element elementor-element-3d9c281 e-con-full e-flex e-con e-child\" data-id=\"3d9c281\" data-element_type=\"container\" data-e-type=\"container\">\n\t\t\t\t<div class=\"elementor-element elementor-element-d2dce3d elementor-widget elementor-widget-text-editor\" data-id=\"d2dce3d\" data-element_type=\"widget\" data-e-type=\"widget\" data-widget_type=\"text-editor.default\">\n\t\t\t\t<div class=\"elementor-widget-container\">\n\t\t\t\t\t\t\t\t\t<p>Debe determinarlo el especialista seg\u00fan el estado inicial de la piel y los objetivos del tratamiento. La investigaci\u00f3n publicada hasta ahora analiz\u00f3 los resultados de una sola sesi\u00f3n, por lo que todav\u00eda se necesitan estudios a m\u00e1s largo plazo para establecer el efecto acumulativo de protocolos con varias sesiones.<\/p>\t\t\t\t\t\t\t\t<\/div>\n\t\t\t\t<\/div>\n\t\t\t\t<\/div>\n\t\t\t\t\t<\/details>\n\t\t\t\t\t<\/div>\n\t\t\t\t\t<script type=\"application\/ld+json\">{\"@context\":\"https:\\\/\\\/schema.org\",\"@type\":\"FAQPage\",\"mainEntity\":[{\"@type\":\"Question\",\"name\":\"\\u00bfQu\\u00e9 es EMFUSION?\",\"acceptedAnswer\":{\"@type\":\"Answer\",\"text\":\"EMFUSION es un procedimiento dermatol\\u00f3gico no invasivo que utiliza la tecnolog\\u00eda DYNAMiQ\\u00ae para estimular procesos relacionados con la funci\\u00f3n de la barrera cut\\u00e1nea y favorecer la hidrataci\\u00f3n y calidad de la piel.\"}},{\"@type\":\"Question\",\"name\":\"\\u00bfPara qu\\u00e9 sirve EMFUSION?\",\"acceptedAnswer\":{\"@type\":\"Answer\",\"text\":\"Su principal objetivo es mejorar la funci\\u00f3n barrera de la piel, ayudando a reducir la p\\u00e9rdida de agua y favoreciendo una piel m\\u00e1s hidratada, confortable, luminosa y resistente.\"}},{\"@type\":\"Question\",\"name\":\"\\u00bfQu\\u00e9 es la tecnolog\\u00eda DYNAMiQ?\",\"acceptedAnswer\":{\"@type\":\"Answer\",\"text\":\"Es una tecnolog\\u00eda que genera oscilaciones mec\\u00e1nicas de baja frecuencia sobre la epidermis. Estas oscilaciones inducen respuestas relacionadas con el flujo de calcio epid\\u00e9rmico, un elemento implicado en los procesos de formaci\\u00f3n y reparaci\\u00f3n de la barrera cut\\u00e1nea.\"}},{\"@type\":\"Question\",\"name\":\"\\u00bfEMFUSION duele?\",\"acceptedAnswer\":{\"@type\":\"Answer\",\"text\":\"En el estudio cl\\u00ednico publicado, el 96 % de las participantes puntu\\u00f3 el dolor como 0 sobre 10 y todas calificaron el procedimiento como confortable.\"}},{\"@type\":\"Question\",\"name\":\"\\u00bfCu\\u00e1nto dura una sesi\\u00f3n?\",\"acceptedAnswer\":{\"@type\":\"Answer\",\"text\":\"El protocolo utilizado en el estudio cl\\u00ednico tuvo una duraci\\u00f3n aproximada de 25 minutos. La duraci\\u00f3n concreta puede depender del protocolo indicado por el especialista.\"}},{\"@type\":\"Question\",\"name\":\"\\u00bfCu\\u00e1ndo se empiezan a notar los resultados?\",\"acceptedAnswer\":{\"@type\":\"Answer\",\"text\":\"Pueden observarse cambios en hidrataci\\u00f3n y apariencia de la piel tras el tratamiento. En el estudio disponible, la mejor\\u00eda objetiva de la funci\\u00f3n barrera fue evaluada siete d\\u00edas despu\\u00e9s de una \\u00fanica sesi\\u00f3n. Los resultados individuales pueden variar.\"}},{\"@type\":\"Question\",\"name\":\"\\u00bfCu\\u00e1ntas sesiones de EMFUSION son necesarias?\",\"acceptedAnswer\":{\"@type\":\"Answer\",\"text\":\"Debe determinarlo el especialista seg\\u00fan el estado inicial de la piel y los objetivos del tratamiento. La investigaci\\u00f3n publicada hasta ahora analiz\\u00f3 los resultados de una sola sesi\\u00f3n, por lo que todav\\u00eda se necesitan estudios a m\\u00e1s largo plazo para establecer el efecto acumulativo de protocolos con varias sesiones.\"}}]}<\/script>\n\t\t\t\t\t\t\t<\/div>\n\t\t\t\t<\/div>\n\t\t\t\t<div class=\"elementor-element elementor-element-3cf5292 elementor-widget elementor-widget-html\" data-id=\"3cf5292\" data-element_type=\"widget\" data-e-type=\"widget\" data-widget_type=\"html.default\">\n\t\t\t\t<div class=\"elementor-widget-container\">\n\t\t\t\t\t<script type=\"application\/ld+json\">\n{\n  \"@context\": \"https:\/\/schema.org\",\n  \"@type\": \"FAQPage\",\n  \"mainEntity\": [\n    {\n      \"@type\": \"Question\",\n      \"name\": \"\u00bfQu\u00e9 es EMFUSION?\",\n      \"acceptedAnswer\": {\n        \"@type\": \"Answer\",\n        \"text\": \"EMFUSION es un procedimiento dermatol\u00f3gico no invasivo que utiliza la tecnolog\u00eda DYNAMiQ\u00ae para estimular procesos relacionados con la funci\u00f3n de la barrera cut\u00e1nea y favorecer la hidrataci\u00f3n y calidad de la piel.\"\n      }\n    },\n    {\n      \"@type\": \"Question\",\n      \"name\": \"\u00bfPara qu\u00e9 sirve EMFUSION?\",\n      \"acceptedAnswer\": {\n        \"@type\": \"Answer\",\n        \"text\": \"Su principal objetivo es mejorar la funci\u00f3n barrera de la piel, ayudando a reducir la p\u00e9rdida de agua y favoreciendo una piel m\u00e1s hidratada, confortable, luminosa y resistente.\"\n      }\n    },\n    {\n      \"@type\": \"Question\",\n      \"name\": \"\u00bfQu\u00e9 es la tecnolog\u00eda DYNAMiQ?\",\n      \"acceptedAnswer\": {\n        \"@type\": \"Answer\",\n        \"text\": \"Es una tecnolog\u00eda que genera oscilaciones mec\u00e1nicas de baja frecuencia sobre la epidermis. Estas oscilaciones inducen respuestas relacionadas con el flujo de calcio epid\u00e9rmico, un elemento implicado en los procesos de formaci\u00f3n y reparaci\u00f3n de la barrera cut\u00e1nea.\"\n      }\n    },\n    {\n      \"@type\": \"Question\",\n      \"name\": \"\u00bfEMFUSION duele?\",\n      \"acceptedAnswer\": {\n        \"@type\": \"Answer\",\n        \"text\": \"En el estudio cl\u00ednico publicado, el 96 % de las participantes puntu\u00f3 el dolor como 0 sobre 10 y todas calificaron el procedimiento como confortable.\"\n      }\n    },\n    {\n      \"@type\": \"Question\",\n      \"name\": \"\u00bfCu\u00e1nto dura una sesi\u00f3n?\",\n      \"acceptedAnswer\": {\n        \"@type\": \"Answer\",\n        \"text\": \"El protocolo utilizado en el estudio cl\u00ednico tuvo una duraci\u00f3n aproximada de 25 minutos. La duraci\u00f3n concreta puede depender del protocolo indicado por el especialista.\"\n      }\n    },\n    {\n      \"@type\": \"Question\",\n      \"name\": \"\u00bfCu\u00e1ndo se empiezan a notar los resultados?\",\n      \"acceptedAnswer\": {\n        \"@type\": \"Answer\",\n        \"text\": \"Pueden observarse cambios en hidrataci\u00f3n y apariencia de la piel tras el tratamiento. En el estudio disponible, la mejor\u00eda objetiva de la funci\u00f3n barrera fue evaluada siete d\u00edas despu\u00e9s de una \u00fanica sesi\u00f3n. Los resultados individuales pueden variar.\"\n      }\n    },\n    {\n      \"@type\": \"Question\",\n      \"name\": \"\u00bfCu\u00e1ntas sesiones de EMFUSION son necesarias?\",\n      \"acceptedAnswer\": {\n        \"@type\": \"Answer\",\n        \"text\": \"Debe determinarlo el especialista seg\u00fan el estado inicial de la piel y los objetivos del tratamiento. La investigaci\u00f3n publicada hasta ahora analiz\u00f3 los resultados de una sola sesi\u00f3n, por lo que todav\u00eda se necesitan estudios a m\u00e1s largo plazo para establecer el efecto acumulativo de protocolos con varias sesiones.\"\n      }\n    }\n  ]\n}\n<\/script>\t\t\t\t<\/div>\n\t\t\t\t<\/div>\n\t\t\t\t\t<\/div>\n\t\t\t\t<\/div>\n\t\t\t\t<\/div>\n\t\t","protected":false},"excerpt":{"rendered":"<p>Cuando pensamos en una piel hidratada, solemos pensar en aportar agua, s\u00e9rums o activos. Pero la dermatolog\u00eda est\u00e1 poniendo cada vez m\u00e1s atenci\u00f3n en otra cuesti\u00f3n igual de importante: la capacidad de la piel para conservar esa hidrataci\u00f3n y mantener una barrera cut\u00e1nea eficaz. Ese cambio de perspectiva ayuda a entender el inter\u00e9s que est\u00e1n [&hellip;]<\/p>\n","protected":false},"author":1,"featured_media":12393,"comment_status":"closed","ping_status":"closed","sticky":false,"template":"","format":"standard","meta":{"footnotes":""},"categories":[1,5],"tags":[],"class_list":["post-12382","post","type-post","status-publish","format-standard","has-post-thumbnail","hentry","category-articulo","category-cuidado-de-la-piel"],"yoast_head":"<!-- This site is optimized with the Yoast SEO plugin v28.3 - https:\/\/yoast.com\/product\/yoast-seo-wordpress\/ -->\n<title>EMFUSI\u00d3N: \u00bfy si el problema no fuera hidratar la piel, sino evitar que pierda agua? - Dermatology Visual Blog<\/title>\n<meta name=\"description\" content=\"Cuando pensamos en una piel hidratada, solemos pensar en aportar agua, s\u00e9rums o activos. Pero la dermatolog\u00eda est\u00e1 poniendo cada vez m\u00e1s atenci\u00f3n en otra\" \/>\n<meta name=\"robots\" content=\"index, follow, max-snippet:-1, max-image-preview:large, max-video-preview:-1\" \/>\n<link rel=\"canonical\" href=\"https:\/\/www.ideidermatologia.com\/noticias\/emfusion-y-si-el-problema-no-fuera-hidratar-la-piel-sino-evitar-que-pierda-agua\/\" \/>\n<meta property=\"og:locale\" content=\"es_ES\" \/>\n<meta property=\"og:type\" content=\"article\" \/>\n<meta property=\"og:title\" content=\"EMFUSI\u00d3N: \u00bfy si el problema no fuera hidratar la piel, sino evitar que pierda agua? - Dermatology Visual Blog\" \/>\n<meta property=\"og:description\" content=\"Cuando pensamos en una piel hidratada, solemos pensar en aportar agua, s\u00e9rums o activos. Pero la dermatolog\u00eda est\u00e1 poniendo cada vez m\u00e1s atenci\u00f3n en otra\" \/>\n<meta property=\"og:url\" content=\"https:\/\/www.ideidermatologia.com\/noticias\/emfusion-y-si-el-problema-no-fuera-hidratar-la-piel-sino-evitar-que-pierda-agua\/\" \/>\n<meta property=\"og:site_name\" content=\"Dermatology Visual Blog\" \/>\n<meta property=\"article:publisher\" content=\"https:\/\/www.facebook.com\/pages\/IDEI-Cuidado-Facial\/1559067711026199?ref=hl\" \/>\n<meta property=\"article:published_time\" content=\"2026-07-31T15:26:00+00:00\" \/>\n<meta property=\"article:modified_time\" content=\"2026-08-25T09:35:12+00:00\" \/>\n<meta property=\"og:image\" content=\"https:\/\/www.ideidermatologia.com\/noticias\/wp-content\/uploads\/2026\/08\/Emfusion_PIC_Female-Model-Treatment-3495_EN100_04-2048x1334-1.webp\" \/>\n\t<meta property=\"og:image:width\" content=\"2048\" \/>\n\t<meta property=\"og:image:height\" content=\"1334\" \/>\n\t<meta property=\"og:image:type\" content=\"image\/webp\" \/>\n<meta name=\"author\" content=\"Cl\u00ednica IDEI\" \/>\n<meta name=\"twitter:card\" content=\"summary_large_image\" \/>\n<meta name=\"twitter:creator\" content=\"@Admin\" \/>\n<meta name=\"twitter:site\" content=\"@IDEI_Facial\" \/>\n<meta name=\"twitter:label1\" content=\"Escrito por\" \/>\n\t<meta name=\"twitter:data1\" content=\"Cl\u00ednica IDEI\" \/>\n\t<meta name=\"twitter:label2\" content=\"Tiempo de lectura\" \/>\n\t<meta name=\"twitter:data2\" content=\"9 minutos\" \/>\n<script type=\"application\/ld+json\" class=\"yoast-schema-graph\">{\"@context\":\"https:\\\/\\\/schema.org\",\"@graph\":[{\"@type\":\"Article\",\"@id\":\"https:\\\/\\\/www.ideidermatologia.com\\\/noticias\\\/emfusion-y-si-el-problema-no-fuera-hidratar-la-piel-sino-evitar-que-pierda-agua\\\/#article\",\"isPartOf\":{\"@id\":\"https:\\\/\\\/www.ideidermatologia.com\\\/noticias\\\/emfusion-y-si-el-problema-no-fuera-hidratar-la-piel-sino-evitar-que-pierda-agua\\\/\"},\"author\":{\"name\":\"Cl\u00ednica IDEI\",\"@id\":\"https:\\\/\\\/www.ideidermatologia.com\\\/noticias\\\/#\\\/schema\\\/person\\\/43281bfaa301b08acbb37be995923296\"},\"headline\":\"EMFUSI\u00d3N: \u00bfy si el problema no fuera hidratar la piel, sino evitar que pierda agua?\",\"datePublished\":\"2026-07-31T15:26:00+00:00\",\"dateModified\":\"2026-08-25T09:35:12+00:00\",\"mainEntityOfPage\":{\"@id\":\"https:\\\/\\\/www.ideidermatologia.com\\\/noticias\\\/emfusion-y-si-el-problema-no-fuera-hidratar-la-piel-sino-evitar-que-pierda-agua\\\/\"},\"wordCount\":2010,\"publisher\":{\"@id\":\"https:\\\/\\\/www.ideidermatologia.com\\\/noticias\\\/#organization\"},\"image\":{\"@id\":\"https:\\\/\\\/www.ideidermatologia.com\\\/noticias\\\/emfusion-y-si-el-problema-no-fuera-hidratar-la-piel-sino-evitar-que-pierda-agua\\\/#primaryimage\"},\"thumbnailUrl\":\"https:\\\/\\\/www.ideidermatologia.com\\\/noticias\\\/wp-content\\\/uploads\\\/2026\\\/08\\\/Emfusion_PIC_Female-Model-Treatment-3495_EN100_04-2048x1334-1.webp\",\"articleSection\":[\"Art\u00edculo\",\"Cuidado de la Piel\"],\"inLanguage\":\"es\"},{\"@type\":\"WebPage\",\"@id\":\"https:\\\/\\\/www.ideidermatologia.com\\\/noticias\\\/emfusion-y-si-el-problema-no-fuera-hidratar-la-piel-sino-evitar-que-pierda-agua\\\/\",\"url\":\"https:\\\/\\\/www.ideidermatologia.com\\\/noticias\\\/emfusion-y-si-el-problema-no-fuera-hidratar-la-piel-sino-evitar-que-pierda-agua\\\/\",\"name\":\"EMFUSI\u00d3N: \u00bfy si el problema no fuera hidratar la piel, sino evitar que pierda agua? - Dermatology Visual Blog\",\"isPartOf\":{\"@id\":\"https:\\\/\\\/www.ideidermatologia.com\\\/noticias\\\/#website\"},\"primaryImageOfPage\":{\"@id\":\"https:\\\/\\\/www.ideidermatologia.com\\\/noticias\\\/emfusion-y-si-el-problema-no-fuera-hidratar-la-piel-sino-evitar-que-pierda-agua\\\/#primaryimage\"},\"image\":{\"@id\":\"https:\\\/\\\/www.ideidermatologia.com\\\/noticias\\\/emfusion-y-si-el-problema-no-fuera-hidratar-la-piel-sino-evitar-que-pierda-agua\\\/#primaryimage\"},\"thumbnailUrl\":\"https:\\\/\\\/www.ideidermatologia.com\\\/noticias\\\/wp-content\\\/uploads\\\/2026\\\/08\\\/Emfusion_PIC_Female-Model-Treatment-3495_EN100_04-2048x1334-1.webp\",\"datePublished\":\"2026-07-31T15:26:00+00:00\",\"dateModified\":\"2026-08-25T09:35:12+00:00\",\"description\":\"Cuando pensamos en una piel hidratada, solemos pensar en aportar agua, s\u00e9rums o activos. Pero la dermatolog\u00eda est\u00e1 poniendo cada vez m\u00e1s atenci\u00f3n en otra\",\"breadcrumb\":{\"@id\":\"https:\\\/\\\/www.ideidermatologia.com\\\/noticias\\\/emfusion-y-si-el-problema-no-fuera-hidratar-la-piel-sino-evitar-que-pierda-agua\\\/#breadcrumb\"},\"inLanguage\":\"es\",\"potentialAction\":[{\"@type\":\"ReadAction\",\"target\":[\"https:\\\/\\\/www.ideidermatologia.com\\\/noticias\\\/emfusion-y-si-el-problema-no-fuera-hidratar-la-piel-sino-evitar-que-pierda-agua\\\/\"]}]},{\"@type\":\"ImageObject\",\"inLanguage\":\"es\",\"@id\":\"https:\\\/\\\/www.ideidermatologia.com\\\/noticias\\\/emfusion-y-si-el-problema-no-fuera-hidratar-la-piel-sino-evitar-que-pierda-agua\\\/#primaryimage\",\"url\":\"https:\\\/\\\/www.ideidermatologia.com\\\/noticias\\\/wp-content\\\/uploads\\\/2026\\\/08\\\/Emfusion_PIC_Female-Model-Treatment-3495_EN100_04-2048x1334-1.webp\",\"contentUrl\":\"https:\\\/\\\/www.ideidermatologia.com\\\/noticias\\\/wp-content\\\/uploads\\\/2026\\\/08\\\/Emfusion_PIC_Female-Model-Treatment-3495_EN100_04-2048x1334-1.webp\",\"width\":2048,\"height\":1334,\"caption\":\"EMFUSI\u00d3N: \u00bfy si el problema no fuera hidratar la piel, sino evitar que pierda agua?\"},{\"@type\":\"BreadcrumbList\",\"@id\":\"https:\\\/\\\/www.ideidermatologia.com\\\/noticias\\\/emfusion-y-si-el-problema-no-fuera-hidratar-la-piel-sino-evitar-que-pierda-agua\\\/#breadcrumb\",\"itemListElement\":[{\"@type\":\"ListItem\",\"position\":1,\"name\":\"Portada\",\"item\":\"https:\\\/\\\/www.ideidermatologia.com\\\/noticias\\\/\"},{\"@type\":\"ListItem\",\"position\":2,\"name\":\"EMFUSI\u00d3N: \u00bfy si el problema no fuera hidratar la piel, sino evitar que pierda agua?\"}]},{\"@type\":\"WebSite\",\"@id\":\"https:\\\/\\\/www.ideidermatologia.com\\\/noticias\\\/#website\",\"url\":\"https:\\\/\\\/www.ideidermatologia.com\\\/noticias\\\/\",\"name\":\"Dermatology Visual Blog\",\"description\":\"Dedicados a cuidar tu piel\",\"publisher\":{\"@id\":\"https:\\\/\\\/www.ideidermatologia.com\\\/noticias\\\/#organization\"},\"potentialAction\":[{\"@type\":\"SearchAction\",\"target\":{\"@type\":\"EntryPoint\",\"urlTemplate\":\"https:\\\/\\\/www.ideidermatologia.com\\\/noticias\\\/?s={search_term_string}\"},\"query-input\":{\"@type\":\"PropertyValueSpecification\",\"valueRequired\":true,\"valueName\":\"search_term_string\"}}],\"inLanguage\":\"es\"},{\"@type\":\"Organization\",\"@id\":\"https:\\\/\\\/www.ideidermatologia.com\\\/noticias\\\/#organization\",\"name\":\"IDEI\",\"url\":\"https:\\\/\\\/www.ideidermatologia.com\\\/noticias\\\/\",\"logo\":{\"@type\":\"ImageObject\",\"inLanguage\":\"es\",\"@id\":\"https:\\\/\\\/www.ideidermatologia.com\\\/noticias\\\/#\\\/schema\\\/logo\\\/image\\\/\",\"url\":\"https:\\\/\\\/www.ideidermatologia.com\\\/noticias\\\/wp-content\\\/uploads\\\/2024\\\/07\\\/logo-DVB-262x73-transformed.png\",\"contentUrl\":\"https:\\\/\\\/www.ideidermatologia.com\\\/noticias\\\/wp-content\\\/uploads\\\/2024\\\/07\\\/logo-DVB-262x73-transformed.png\",\"width\":1048,\"height\":292,\"caption\":\"IDEI\"},\"image\":{\"@id\":\"https:\\\/\\\/www.ideidermatologia.com\\\/noticias\\\/#\\\/schema\\\/logo\\\/image\\\/\"},\"sameAs\":[\"https:\\\/\\\/www.facebook.com\\\/pages\\\/IDEI-Cuidado-Facial\\\/1559067711026199?ref=hl\",\"https:\\\/\\\/x.com\\\/IDEI_Facial\"]},{\"@type\":\"Person\",\"@id\":\"https:\\\/\\\/www.ideidermatologia.com\\\/noticias\\\/#\\\/schema\\\/person\\\/43281bfaa301b08acbb37be995923296\",\"name\":\"Cl\u00ednica IDEI\",\"sameAs\":[\"http:\\\/\\\/ideidermatologia.com\",\"https:\\\/\\\/www.instagram.com\\\/idei_dermatologia\\\/\",\"https:\\\/\\\/x.com\\\/Admin\"]}]}<\/script>\n<!-- \/ Yoast SEO plugin. -->","yoast_head_json":{"title":"EMFUSI\u00d3N: \u00bfy si el problema no fuera hidratar la piel, sino evitar que pierda agua? - Dermatology Visual Blog","description":"Cuando pensamos en una piel hidratada, solemos pensar en aportar agua, s\u00e9rums o activos. Pero la dermatolog\u00eda est\u00e1 poniendo cada vez m\u00e1s atenci\u00f3n en otra","robots":{"index":"index","follow":"follow","max-snippet":"max-snippet:-1","max-image-preview":"max-image-preview:large","max-video-preview":"max-video-preview:-1"},"canonical":"https:\/\/www.ideidermatologia.com\/noticias\/emfusion-y-si-el-problema-no-fuera-hidratar-la-piel-sino-evitar-que-pierda-agua\/","og_locale":"es_ES","og_type":"article","og_title":"EMFUSI\u00d3N: \u00bfy si el problema no fuera hidratar la piel, sino evitar que pierda agua? - Dermatology Visual Blog","og_description":"Cuando pensamos en una piel hidratada, solemos pensar en aportar agua, s\u00e9rums o activos. Pero la dermatolog\u00eda est\u00e1 poniendo cada vez m\u00e1s atenci\u00f3n en otra","og_url":"https:\/\/www.ideidermatologia.com\/noticias\/emfusion-y-si-el-problema-no-fuera-hidratar-la-piel-sino-evitar-que-pierda-agua\/","og_site_name":"Dermatology Visual Blog","article_publisher":"https:\/\/www.facebook.com\/pages\/IDEI-Cuidado-Facial\/1559067711026199?ref=hl","article_published_time":"2026-07-31T15:26:00+00:00","article_modified_time":"2026-08-25T09:35:12+00:00","og_image":[{"width":2048,"height":1334,"url":"https:\/\/www.ideidermatologia.com\/noticias\/wp-content\/uploads\/2026\/08\/Emfusion_PIC_Female-Model-Treatment-3495_EN100_04-2048x1334-1.webp","type":"image\/webp"}],"author":"Cl\u00ednica IDEI","twitter_card":"summary_large_image","twitter_creator":"@Admin","twitter_site":"@IDEI_Facial","twitter_misc":{"Escrito por":"Cl\u00ednica IDEI","Tiempo de lectura":"9 minutos"},"schema":{"@context":"https:\/\/schema.org","@graph":[{"@type":"Article","@id":"https:\/\/www.ideidermatologia.com\/noticias\/emfusion-y-si-el-problema-no-fuera-hidratar-la-piel-sino-evitar-que-pierda-agua\/#article","isPartOf":{"@id":"https:\/\/www.ideidermatologia.com\/noticias\/emfusion-y-si-el-problema-no-fuera-hidratar-la-piel-sino-evitar-que-pierda-agua\/"},"author":{"name":"Cl\u00ednica IDEI","@id":"https:\/\/www.ideidermatologia.com\/noticias\/#\/schema\/person\/43281bfaa301b08acbb37be995923296"},"headline":"EMFUSI\u00d3N: \u00bfy si el problema no fuera hidratar la piel, sino evitar que pierda agua?","datePublished":"2026-07-31T15:26:00+00:00","dateModified":"2026-08-25T09:35:12+00:00","mainEntityOfPage":{"@id":"https:\/\/www.ideidermatologia.com\/noticias\/emfusion-y-si-el-problema-no-fuera-hidratar-la-piel-sino-evitar-que-pierda-agua\/"},"wordCount":2010,"publisher":{"@id":"https:\/\/www.ideidermatologia.com\/noticias\/#organization"},"image":{"@id":"https:\/\/www.ideidermatologia.com\/noticias\/emfusion-y-si-el-problema-no-fuera-hidratar-la-piel-sino-evitar-que-pierda-agua\/#primaryimage"},"thumbnailUrl":"https:\/\/www.ideidermatologia.com\/noticias\/wp-content\/uploads\/2026\/08\/Emfusion_PIC_Female-Model-Treatment-3495_EN100_04-2048x1334-1.webp","articleSection":["Art\u00edculo","Cuidado de la Piel"],"inLanguage":"es"},{"@type":"WebPage","@id":"https:\/\/www.ideidermatologia.com\/noticias\/emfusion-y-si-el-problema-no-fuera-hidratar-la-piel-sino-evitar-que-pierda-agua\/","url":"https:\/\/www.ideidermatologia.com\/noticias\/emfusion-y-si-el-problema-no-fuera-hidratar-la-piel-sino-evitar-que-pierda-agua\/","name":"EMFUSI\u00d3N: \u00bfy si el problema no fuera hidratar la piel, sino evitar que pierda agua? - Dermatology Visual Blog","isPartOf":{"@id":"https:\/\/www.ideidermatologia.com\/noticias\/#website"},"primaryImageOfPage":{"@id":"https:\/\/www.ideidermatologia.com\/noticias\/emfusion-y-si-el-problema-no-fuera-hidratar-la-piel-sino-evitar-que-pierda-agua\/#primaryimage"},"image":{"@id":"https:\/\/www.ideidermatologia.com\/noticias\/emfusion-y-si-el-problema-no-fuera-hidratar-la-piel-sino-evitar-que-pierda-agua\/#primaryimage"},"thumbnailUrl":"https:\/\/www.ideidermatologia.com\/noticias\/wp-content\/uploads\/2026\/08\/Emfusion_PIC_Female-Model-Treatment-3495_EN100_04-2048x1334-1.webp","datePublished":"2026-07-31T15:26:00+00:00","dateModified":"2026-08-25T09:35:12+00:00","description":"Cuando pensamos en una piel hidratada, solemos pensar en aportar agua, s\u00e9rums o activos. Pero la dermatolog\u00eda est\u00e1 poniendo cada vez m\u00e1s atenci\u00f3n en otra","breadcrumb":{"@id":"https:\/\/www.ideidermatologia.com\/noticias\/emfusion-y-si-el-problema-no-fuera-hidratar-la-piel-sino-evitar-que-pierda-agua\/#breadcrumb"},"inLanguage":"es","potentialAction":[{"@type":"ReadAction","target":["https:\/\/www.ideidermatologia.com\/noticias\/emfusion-y-si-el-problema-no-fuera-hidratar-la-piel-sino-evitar-que-pierda-agua\/"]}]},{"@type":"ImageObject","inLanguage":"es","@id":"https:\/\/www.ideidermatologia.com\/noticias\/emfusion-y-si-el-problema-no-fuera-hidratar-la-piel-sino-evitar-que-pierda-agua\/#primaryimage","url":"https:\/\/www.ideidermatologia.com\/noticias\/wp-content\/uploads\/2026\/08\/Emfusion_PIC_Female-Model-Treatment-3495_EN100_04-2048x1334-1.webp","contentUrl":"https:\/\/www.ideidermatologia.com\/noticias\/wp-content\/uploads\/2026\/08\/Emfusion_PIC_Female-Model-Treatment-3495_EN100_04-2048x1334-1.webp","width":2048,"height":1334,"caption":"EMFUSI\u00d3N: \u00bfy si el problema no fuera hidratar la piel, sino evitar que pierda agua?"},{"@type":"BreadcrumbList","@id":"https:\/\/www.ideidermatologia.com\/noticias\/emfusion-y-si-el-problema-no-fuera-hidratar-la-piel-sino-evitar-que-pierda-agua\/#breadcrumb","itemListElement":[{"@type":"ListItem","position":1,"name":"Portada","item":"https:\/\/www.ideidermatologia.com\/noticias\/"},{"@type":"ListItem","position":2,"name":"EMFUSI\u00d3N: \u00bfy si el problema no fuera hidratar la piel, sino evitar que pierda agua?"}]},{"@type":"WebSite","@id":"https:\/\/www.ideidermatologia.com\/noticias\/#website","url":"https:\/\/www.ideidermatologia.com\/noticias\/","name":"Dermatology Visual Blog","description":"Dedicados a cuidar tu piel","publisher":{"@id":"https:\/\/www.ideidermatologia.com\/noticias\/#organization"},"potentialAction":[{"@type":"SearchAction","target":{"@type":"EntryPoint","urlTemplate":"https:\/\/www.ideidermatologia.com\/noticias\/?s={search_term_string}"},"query-input":{"@type":"PropertyValueSpecification","valueRequired":true,"valueName":"search_term_string"}}],"inLanguage":"es"},{"@type":"Organization","@id":"https:\/\/www.ideidermatologia.com\/noticias\/#organization","name":"IDEI","url":"https:\/\/www.ideidermatologia.com\/noticias\/","logo":{"@type":"ImageObject","inLanguage":"es","@id":"https:\/\/www.ideidermatologia.com\/noticias\/#\/schema\/logo\/image\/","url":"https:\/\/www.ideidermatologia.com\/noticias\/wp-content\/uploads\/2024\/07\/logo-DVB-262x73-transformed.png","contentUrl":"https:\/\/www.ideidermatologia.com\/noticias\/wp-content\/uploads\/2024\/07\/logo-DVB-262x73-transformed.png","width":1048,"height":292,"caption":"IDEI"},"image":{"@id":"https:\/\/www.ideidermatologia.com\/noticias\/#\/schema\/logo\/image\/"},"sameAs":["https:\/\/www.facebook.com\/pages\/IDEI-Cuidado-Facial\/1559067711026199?ref=hl","https:\/\/x.com\/IDEI_Facial"]},{"@type":"Person","@id":"https:\/\/www.ideidermatologia.com\/noticias\/#\/schema\/person\/43281bfaa301b08acbb37be995923296","name":"Cl\u00ednica IDEI","sameAs":["http:\/\/ideidermatologia.com","https:\/\/www.instagram.com\/idei_dermatologia\/","https:\/\/x.com\/Admin"]}]}},"_links":{"self":[{"href":"https:\/\/www.ideidermatologia.com\/noticias\/wp-json\/wp\/v2\/posts\/12382","targetHints":{"allow":["GET"]}}],"collection":[{"href":"https:\/\/www.ideidermatologia.com\/noticias\/wp-json\/wp\/v2\/posts"}],"about":[{"href":"https:\/\/www.ideidermatologia.com\/noticias\/wp-json\/wp\/v2\/types\/post"}],"author":[{"embeddable":true,"href":"https:\/\/www.ideidermatologia.com\/noticias\/wp-json\/wp\/v2\/users\/1"}],"replies":[{"embeddable":true,"href":"https:\/\/www.ideidermatologia.com\/noticias\/wp-json\/wp\/v2\/comments?post=12382"}],"version-history":[{"count":24,"href":"https:\/\/www.ideidermatologia.com\/noticias\/wp-json\/wp\/v2\/posts\/12382\/revisions"}],"predecessor-version":[{"id":12413,"href":"https:\/\/www.ideidermatologia.com\/noticias\/wp-json\/wp\/v2\/posts\/12382\/revisions\/12413"}],"wp:featuredmedia":[{"embeddable":true,"href":"https:\/\/www.ideidermatologia.com\/noticias\/wp-json\/wp\/v2\/media\/12393"}],"wp:attachment":[{"href":"https:\/\/www.ideidermatologia.com\/noticias\/wp-json\/wp\/v2\/media?parent=12382"}],"wp:term":[{"taxonomy":"category","embeddable":true,"href":"https:\/\/www.ideidermatologia.com\/noticias\/wp-json\/wp\/v2\/categories?post=12382"},{"taxonomy":"post_tag","embeddable":true,"href":"https:\/\/www.ideidermatologia.com\/noticias\/wp-json\/wp\/v2\/tags?post=12382"}],"curies":[{"name":"wp","href":"https:\/\/api.w.org\/{rel}","templated":true}]}}